{"id":7490,"date":"2021-06-23T11:13:00","date_gmt":"2021-06-23T09:13:00","guid":{"rendered":"http:\/\/muzeumpamieci.umk.pl\/?p=7490"},"modified":"2021-12-12T14:36:30","modified_gmt":"2021-12-12T13:36:30","slug":"muzeologiacyfrowa-summer-school-on-digital-art-history-digital-exhibition-malaga-online","status":"publish","type":"post","link":"https:\/\/muzeumpamieci.umk.pl\/?p=7490","title":{"rendered":"#muzeologiacyfrowa: Summer School on Digital Art History: Digital Exhibition (Malaga, online)"},"content":{"rendered":"<p>Uniwersytet w Maladze i Uniwersytet w Berkeley przy wsp\u00f3\u0142pracy Uniwersytetu Ludwika Maksymiliana w Monachium, Fundaci\u00f3n General de la Universidad de Malaga i HDH po raz sz\u00f3sty zapraszaj\u0105 na <a href=\"https:\/\/dahss.iarthislab.eu\/2021\/\" target=\"_blank\" rel=\"noopener\"><em><strong>Mi\u0119dzynarodow\u0105 Letni\u0105 Szko\u0142\u0119 Historii Sztuki Cyfrowej (<i>Summer School on Digital Art History: Digital Exhibitio &#8211; <\/i>DAHSS)<\/strong><\/em><\/a>. Tegoroczna edycja online realizowana b\u0119dzie w dniach od <strong>30 sierpnia do 4 wrze\u015bnia<\/strong> i b\u0119dzie po\u015bwi\u0119cona <strong>wystawiennictwu cyfrowemu (Digital exhibition)<\/strong>.<\/p>\n<p><a href=\"http:\/\/muzeumpamieci.umk.pl\/wp-content\/uploads\/2021\/06\/2021-06-25_110452.jpg\"><img fetchpriority=\"high\" decoding=\"async\" class=\"aligncenter wp-image-7492 size-large\" src=\"http:\/\/muzeumpamieci.umk.pl\/wp-content\/uploads\/2021\/06\/2021-06-25_110452-e1624612088292-1024x312.jpg\" alt=\"\" width=\"790\" height=\"241\" srcset=\"https:\/\/muzeumpamieci.umk.pl\/wp-content\/uploads\/2021\/06\/2021-06-25_110452-e1624612088292-1024x312.jpg 1024w, https:\/\/muzeumpamieci.umk.pl\/wp-content\/uploads\/2021\/06\/2021-06-25_110452-e1624612088292-300x92.jpg 300w, https:\/\/muzeumpamieci.umk.pl\/wp-content\/uploads\/2021\/06\/2021-06-25_110452-e1624612088292-768x234.jpg 768w, https:\/\/muzeumpamieci.umk.pl\/wp-content\/uploads\/2021\/06\/2021-06-25_110452-e1624612088292.jpg 1265w\" sizes=\"(max-width: 790px) 100vw, 790px\" \/><\/a><\/p>\n<p>Ze wzgl\u0119du na sytuacj\u0119 covid-19 Letnia Szko\u0142a b\u0119dzie ponownie dost\u0119pna online. Zesp\u00f3\u0142 DAHSS jest przekonany, \u017ce mamy bezprecedensow\u0105 okazj\u0119 do odkrywania nowych sposob\u00f3w wsp\u00f3\u0142pracy w realnym globalnym scenariuszu, a jednocze\u015bnie zachowania wymiany mi\u0119dzyludzkiej.<\/p>\n<p>Okres sk\u0142adania wniosk\u00f3w jest ju\u017c otwarty (<strong>do 7 lipca 2021 r<\/strong>.).<br>Wi\u0119cej informacji na: <a href=\"https:\/\/dahss.iarthislab.eu\/2021\/\" target=\"_blank\" rel=\"noopener\">https:\/\/dahss.iarthislab.eu\/2021\/<\/a><\/p>\n<p>Blokada spowodowana pandemi\u0105 Covid-19 przynios\u0142a ze sob\u0105 znaczny wzrost tzw. wystaw cyfrowych. Cho\u0107 wystawy cyfrowe\/wirtualne\/online nie s\u0105 zjawiskiem nowym, prawd\u0105 jest, \u017ce pandemia umie\u015bci\u0142a je w centrum dzia\u0142a\u0144 kuratorskich w muzeach, centrach sztuki i galeriach. Ponowne odkrycie wystaw cyfrowych \/ wirtualnych \/ online wydaje si\u0119 ambiwalentne: oczekuje si\u0119, \u017ce ta centralno\u015b\u0107 stanie si\u0119 bod\u017acem do promowania nowych dr\u00f3g bada\u0144 i eksperyment\u00f3w. Dlatego kluczowe jest zwr\u00f3cenie uwagi na koncepcj\u0119 i praktyk\u0119 wystaw cyfrowych\/online\/wirtualnych, aby przestawi\u0107 ich problemy w ramach naszej postcyfrowej i postludzkiej tera\u017aniejszo\u015bci. DAHSS2020 d\u0105\u017cy do zag\u0142\u0119bienia si\u0119 w poj\u0119cie wystaw cyfrowych i ich z\u0142o\u017cono\u015bci, proponuj\u0105c uczestnikom wsp\u00f3\u0142prac\u0119 we wsp\u00f3lnym projekcie z r\u00f3\u017cnych perspektyw. Kurs ma orientacj\u0119 teoretyczno-praktyczn\u0105: wymiana teoretyczna i krytyczne dyskusje zostan\u0105 po\u0142\u0105czone z sesjami praktycznymi (sesje laboratoryjne), dzi\u0119ki kt\u00f3rym uczestnicy b\u0119d\u0105 wsp\u00f3\u0142pracowa\u0107. Wyniki zostan\u0105 podane do publicznej wiadomo\u015bci ostatniego dnia kursu.<\/p>\n<p>Kurs jest zorganizowany wok\u00f3\u0142 pi\u0119ciu tor\u00f3w.<\/p>\n<ul>\n<li>\u015acie\u017cka A: Miejsca na wy\u015bwietlacze cyfrowe. Uczestnicy pod przewodnictwem Grega Niemeyera (UCB) b\u0119d\u0105 pracowa\u0107 nad konfiguracj\u0105 przestrzeni cyfrowych do wystaw na platformach wirtualnych, takich jak newart.city i modzilla hub.<\/li>\n<li>\u015acie\u017cka B: Nauka o danych &#8211; Haralda Klinke (DAHJ), dowiesz si\u0119, jak tworzy\u0107, analizowa\u0107 i wizualizowa\u0107 po\u0142\u0105czone otwarte dane.<\/li>\n<li>\u015acie\u017cka C: dane 3D, modelowanie i renderowanie, prowadzone przez Justina Underhilla (UCB).<\/li>\n<li>\u015acie\u017cka D: AI + Widzenie komputerowe. \u015acie\u017cka D, prowadzona przez Leonarda Impetta (Durham University), b\u0119dzie bada\u0107 zastosowania sztucznej inteligencji\/g\u0142\u0119bokiego uczenia \u2013 zw\u0142aszcza wizji komputerowej \u2013 w problemach historii sztuki i kultury wizualnej.<\/li>\n<li>\u015acie\u017cka E: Przetwarzanie j\u0119zyka naturalnego (NLP), prowadzona przez Yadir\u0119 Lizam\u0119 Mu\u00e9 (CulturePlex Lab, Western Ontario Univesity) zbada moc NLP, aby zbada\u0107, co dane tekstowe mog\u0105 nam powiedzie\u0107 o sztuce na du\u017c\u0105 skal\u0119. NLP to dziedzina sztucznej inteligencji, kt\u00f3ra koncentruje si\u0119 na pomiarze ludzkiego j\u0119zyka, aby by\u0142 zrozumia\u0142y dla maszyn.<\/li>\n<\/ul>\n<p><img decoding=\"async\" class=\"aligncenter size-large wp-image-7493\" src=\"http:\/\/muzeumpamieci.umk.pl\/wp-content\/uploads\/2021\/06\/2021-06-25_110518-1024x595.jpg\" alt=\"\" width=\"790\" height=\"459\" srcset=\"https:\/\/muzeumpamieci.umk.pl\/wp-content\/uploads\/2021\/06\/2021-06-25_110518-1024x595.jpg 1024w, https:\/\/muzeumpamieci.umk.pl\/wp-content\/uploads\/2021\/06\/2021-06-25_110518-300x174.jpg 300w, https:\/\/muzeumpamieci.umk.pl\/wp-content\/uploads\/2021\/06\/2021-06-25_110518-768x447.jpg 768w, https:\/\/muzeumpamieci.umk.pl\/wp-content\/uploads\/2021\/06\/2021-06-25_110518.jpg 1245w\" sizes=\"(max-width: 790px) 100vw, 790px\" \/><\/p>\n\n\n<figure class=\"wp-block-image size-large is-style-default\"><img decoding=\"async\" width=\"1024\" height=\"184\" src=\"http:\/\/muzeumpamieci.umk.pl\/wp-content\/uploads\/2021\/06\/2021-06-25_110538-1-1024x184.jpg\" alt=\"\" class=\"wp-image-7495\" srcset=\"https:\/\/muzeumpamieci.umk.pl\/wp-content\/uploads\/2021\/06\/2021-06-25_110538-1-1024x184.jpg 1024w, https:\/\/muzeumpamieci.umk.pl\/wp-content\/uploads\/2021\/06\/2021-06-25_110538-1-300x54.jpg 300w, https:\/\/muzeumpamieci.umk.pl\/wp-content\/uploads\/2021\/06\/2021-06-25_110538-1-768x138.jpg 768w, https:\/\/muzeumpamieci.umk.pl\/wp-content\/uploads\/2021\/06\/2021-06-25_110538-1.jpg 1221w\" sizes=\"(max-width: 1024px) 100vw, 1024px\" \/><\/figure>\n","protected":false},"excerpt":{"rendered":"<p>Uniwersytet w Maladze i Uniwersytet w Berkeley przy wsp\u00f3\u0142pracy Uniwersytetu Ludwika Maksymiliana w Monachium, Fundaci\u00f3n General de la Universidad de Malaga i HDH po raz sz\u00f3sty zapraszaj\u0105 na Mi\u0119dzynarodow\u0105 Letni\u0105 Szko\u0142\u0119 Historii Sztuki Cyfrowej (Summer School on Digital Art History: Digital Exhibitio &#8211; DAHSS). Tegoroczna edycja online realizowana b\u0119dzie w dniach od 30 sierpnia do&hellip; <\/p>\n","protected":false},"author":5,"featured_media":7492,"comment_status":"open","ping_status":"closed","sticky":false,"template":"","format":"standard","meta":{"footnotes":""},"categories":[389],"tags":[407,408],"class_list":["post-7490","post","type-post","status-publish","format-standard","has-post-thumbnail","hentry","category-cybermuzeologia","tag-malaga","tag-wystwy-cyfrowe"],"aioseo_notices":[],"featured_image_src":"https:\/\/muzeumpamieci.umk.pl\/wp-content\/uploads\/2021\/06\/2021-06-25_110452-e1624612088292.jpg","featured_image_src_square":"https:\/\/muzeumpamieci.umk.pl\/wp-content\/uploads\/2021\/06\/2021-06-25_110452-e1624612088292.jpg","author_info":{"display_name":"Ma\u0142gorzata Baka","author_link":"https:\/\/muzeumpamieci.umk.pl\/?author=5"},"category_info":"<a href=\"https:\/\/muzeumpamieci.umk.pl\/?cat=389\" rel=\"category\">Cybermuzeologia<\/a>","tags_info":"<a href=\"https:\/\/muzeumpamieci.umk.pl\/?tag=malaga\" rel=\"tag\">Malaga<\/a>, <a href=\"https:\/\/muzeumpamieci.umk.pl\/?tag=wystwy-cyfrowe\" rel=\"tag\">wystwy cyfrowe<\/a>","social_share_info":"<a data-share=\"facebook\" href=\"https:\/\/www.facebook.com\/sharer.php?u=https:\/\/muzeumpamieci.umk.pl\/?p=7490\" class=\"tb-facebook-share social-share-default tb-social-share\" target=\"_blank\"><i class=\"fab fa-facebook-f\" aria-hidden=\"true\"><\/i><\/a><a data-share=\"twitter\" href=\"https:\/\/twitter.com\/share?url=https:\/\/muzeumpamieci.umk.pl\/?p=7490\" class=\"tb-twiiter-share social-share-default tb-social-share\" target=\"_blank\"><i class=\"fab fa-twitter\" aria-hidden=\"true\"><\/i><\/a><a data-share=\"linkedin\" href=\"https:\/\/www.linkedin.com\/shareArticle?url=https:\/\/muzeumpamieci.umk.pl\/?p=7490\" class=\"tb-linkedin-share social-share-default tb-social-share\" target=\"_blank\"><i class=\"fab fa-linkedin-in\" aria-hidden=\"true\"><\/i><\/a>","wordExcerpt_info":"<p>Uniwersytet w Maladze i Uniwersytet w Berkeley przy wsp\u00f3\u0142pracy Uniwersytetu Ludwika Maksymiliana w Monachium, Fundaci\u00f3n General de la Universidad de Malaga i HDH po raz sz\u00f3sty zapraszaj\u0105 na <a href=\"https:\/\/dahss.iarthislab.eu\/2021\/\" target=\"_blank\" rel=\"noopener\"><em><strong>Mi\u0119dzynarodow\u0105 Letni\u0105 Szko\u0142\u0119 Historii Sztuki Cyfrowej (<i>Summer School on Digital Art History: Digital Exhibitio &#8211; <\/i>DAHSS)<\/strong><\/em><\/a>. Tegoroczna edycja online realizowana b\u0119dzie w dniach od <strong>30 sierpnia do 4 wrze\u015bnia<\/strong> i b\u0119dzie po\u015bwi\u0119cona <strong>wystawiennictwu cyfrowemu (Digital exhibition)<\/strong>.<\/p>\n<p><a href=\"http:\/\/muzeumpamieci.umk.pl\/wp-content\/uploads\/2021\/06\/2021-06-25_110452.jpg\"><img class=\"aligncenter wp-image-7492 size-large\" src=\"http:\/\/muzeumpamieci.umk.pl\/wp-content\/uploads\/2021\/06\/2021-06-25_110452-e1624612088292-1024x312.jpg\" alt=\"\" width=\"790\" height=\"241\" \/><\/a><\/p>\n<p>Ze wzgl\u0119du na sytuacj\u0119 covid-19 Letnia Szko\u0142a b\u0119dzie ponownie dost\u0119pna online. Zesp\u00f3\u0142 DAHSS jest przekonany, \u017ce mamy bezprecedensow\u0105 okazj\u0119 do odkrywania nowych sposob\u00f3w wsp\u00f3\u0142pracy w realnym globalnym scenariuszu, a jednocze\u015bnie zachowania wymiany mi\u0119dzyludzkiej.<\/p>\n<p>Okres sk\u0142adania wniosk\u00f3w jest ju\u017c otwarty (<strong>do 7 lipca 2021 r<\/strong>.).<br \/>Wi\u0119cej informacji na: <a href=\"https:\/\/dahss.iarthislab.eu\/2021\/\" target=\"_blank\" rel=\"noopener\">https:\/\/dahss.iarthislab.eu\/2021\/<\/a><\/p>\n<p>Blokada spowodowana pandemi\u0105 Covid-19 przynios\u0142a ze sob\u0105 znaczny wzrost tzw. wystaw cyfrowych. Cho\u0107 wystawy cyfrowe\/wirtualne\/online nie s\u0105 zjawiskiem nowym, prawd\u0105 jest, \u017ce pandemia umie\u015bci\u0142a je w centrum dzia\u0142a\u0144 kuratorskich w muzeach, centrach sztuki i galeriach. Ponowne odkrycie wystaw cyfrowych \/ wirtualnych \/ online wydaje si\u0119 ambiwalentne: oczekuje si\u0119, \u017ce ta centralno\u015b\u0107 stanie si\u0119 bod\u017acem do promowania nowych dr\u00f3g bada\u0144 i eksperyment\u00f3w. Dlatego kluczowe jest zwr\u00f3cenie uwagi na koncepcj\u0119 i praktyk\u0119 wystaw cyfrowych\/online\/wirtualnych, aby przestawi\u0107 ich problemy w ramach naszej postcyfrowej i postludzkiej tera\u017aniejszo\u015bci. DAHSS2020 d\u0105\u017cy do zag\u0142\u0119bienia si\u0119 w poj\u0119cie wystaw cyfrowych i ich z\u0142o\u017cono\u015bci, proponuj\u0105c uczestnikom wsp\u00f3\u0142prac\u0119 we wsp\u00f3lnym projekcie z r\u00f3\u017cnych perspektyw. Kurs ma orientacj\u0119 teoretyczno-praktyczn\u0105: wymiana teoretyczna i krytyczne dyskusje zostan\u0105 po\u0142\u0105czone z sesjami praktycznymi (sesje laboratoryjne), dzi\u0119ki kt\u00f3rym uczestnicy b\u0119d\u0105 wsp\u00f3\u0142pracowa\u0107. Wyniki zostan\u0105 podane do publicznej wiadomo\u015bci ostatniego dnia kursu.<\/p>\n<p>Kurs jest zorganizowany wok\u00f3\u0142 pi\u0119ciu tor\u00f3w.<\/p>\n<ul>\n<li>\u015acie\u017cka A: Miejsca na wy\u015bwietlacze cyfrowe. Uczestnicy pod przewodnictwem Grega Niemeyera (UCB) b\u0119d\u0105 pracowa\u0107 nad konfiguracj\u0105 przestrzeni cyfrowych do wystaw na platformach wirtualnych, takich jak newart.city i modzilla hub.<\/li>\n<li>\u015acie\u017cka B: Nauka o danych &#8211; Haralda Klinke (DAHJ), dowiesz si\u0119, jak tworzy\u0107, analizowa\u0107 i wizualizowa\u0107 po\u0142\u0105czone otwarte dane.<\/li>\n<li>\u015acie\u017cka C: dane 3D, modelowanie i renderowanie, prowadzone przez Justina Underhilla (UCB).<\/li>\n<li>\u015acie\u017cka D: AI + Widzenie komputerowe. \u015acie\u017cka D, prowadzona przez Leonarda Impetta (Durham University), b\u0119dzie bada\u0107 zastosowania sztucznej inteligencji\/g\u0142\u0119bokiego uczenia \u2013 zw\u0142aszcza wizji komputerowej \u2013 w problemach historii sztuki i kultury wizualnej.<\/li>\n<li>\u015acie\u017cka E: Przetwarzanie j\u0119zyka naturalnego (NLP), prowadzona przez Yadir\u0119 Lizam\u0119 Mu\u00e9 (CulturePlex Lab, Western Ontario Univesity) zbada moc NLP, aby zbada\u0107, co dane tekstowe mog\u0105 nam powiedzie\u0107 o sztuce na du\u017c\u0105 skal\u0119. NLP to dziedzina sztucznej inteligencji, kt\u00f3ra koncentruje si\u0119 na pomiarze ludzkiego j\u0119zyka, aby by\u0142 zrozumia\u0142y dla maszyn.<\/li>\n<\/ul>\n<p><img class=\"aligncenter size-large wp-image-7493\" src=\"http:\/\/muzeumpamieci.umk.pl\/wp-content\/uploads\/2021\/06\/2021-06-25_110518-1024x595.jpg\" alt=\"\" width=\"790\" height=\"459\" \/><\/p>\n<p><!-- wp:image {\"id\":7495,\"sizeSlug\":\"large\",\"linkDestination\":\"none\",\"className\":\"is-style-default\",\"canvasClassName\":\"cnvs-block-core-image-1624612383112\"} --><\/p>\n<figure class=\"wp-block-image size-large is-style-default\"><img width=\"1024\" height=\"184\" src=\"http:\/\/muzeumpamieci.umk.pl\/wp-content\/uploads\/2021\/06\/2021-06-25_110538-1-1024x184.jpg\" alt=\"\" class=\"wp-image-7495\" \/><\/figure>\n<p><!-- \/wp:image --><\/p>\n","comment_info":"0","_links":{"self":[{"href":"https:\/\/muzeumpamieci.umk.pl\/index.php?rest_route=\/wp\/v2\/posts\/7490","targetHints":{"allow":["GET"]}}],"collection":[{"href":"https:\/\/muzeumpamieci.umk.pl\/index.php?rest_route=\/wp\/v2\/posts"}],"about":[{"href":"https:\/\/muzeumpamieci.umk.pl\/index.php?rest_route=\/wp\/v2\/types\/post"}],"author":[{"embeddable":true,"href":"https:\/\/muzeumpamieci.umk.pl\/index.php?rest_route=\/wp\/v2\/users\/5"}],"replies":[{"embeddable":true,"href":"https:\/\/muzeumpamieci.umk.pl\/index.php?rest_route=%2Fwp%2Fv2%2Fcomments&post=7490"}],"version-history":[{"count":4,"href":"https:\/\/muzeumpamieci.umk.pl\/index.php?rest_route=\/wp\/v2\/posts\/7490\/revisions"}],"predecessor-version":[{"id":9334,"href":"https:\/\/muzeumpamieci.umk.pl\/index.php?rest_route=\/wp\/v2\/posts\/7490\/revisions\/9334"}],"wp:featuredmedia":[{"embeddable":true,"href":"https:\/\/muzeumpamieci.umk.pl\/index.php?rest_route=\/wp\/v2\/media\/7492"}],"wp:attachment":[{"href":"https:\/\/muzeumpamieci.umk.pl\/index.php?rest_route=%2Fwp%2Fv2%2Fmedia&parent=7490"}],"wp:term":[{"taxonomy":"category","embeddable":true,"href":"https:\/\/muzeumpamieci.umk.pl\/index.php?rest_route=%2Fwp%2Fv2%2Fcategories&post=7490"},{"taxonomy":"post_tag","embeddable":true,"href":"https:\/\/muzeumpamieci.umk.pl\/index.php?rest_route=%2Fwp%2Fv2%2Ftags&post=7490"}],"curies":[{"name":"wp","href":"https:\/\/api.w.org\/{rel}","templated":true}]}}