{"id":6956,"date":"2016-06-20T23:23:00","date_gmt":"2016-06-20T21:23:00","guid":{"rendered":"http:\/\/muzeumpamieci.umk.pl\/?p=6956"},"modified":"2021-02-25T23:32:01","modified_gmt":"2021-02-25T22:32:01","slug":"i-seminarium-muzealnicze-terminologia-i-pojecie-muzeum","status":"publish","type":"post","link":"https:\/\/muzeumpamieci.umk.pl\/?p=6956","title":{"rendered":"I Seminarium Muzealnicze &#8211; Terminologia i poj\u0119cie &#8222;muzeum&#8221;"},"content":{"rendered":"\n<p>I Seminarium Muzealnicze odb\u0119dzie si\u0119 25 czerwca 2015 roku (sobota) w godzinach od 10:30 do 15:30, na Wydziale Sztuk Pi\u0119knych w Toruniu (ul. Sienkiewicza 30\/32, sala 101, I pi\u0119tro). Seminarium po\u015bwi\u0119cone b\u0119dzie terminologii i poj\u0119ciu \u201emuzeum\u201d.<\/p>\n\n\n\n<p>PROGRAM I SEMINARIUM MUZEALNICZEGO:<\/p>\n\n\n\n<p>10:30-11:00 \u2013 Powitanie uczestnik\u00f3w Seminarium \u2013 dr hab. Tomasz F. de Rosset, prof. UMK<\/p>\n\n\n\n<p>&nbsp;&nbsp;&nbsp; &nbsp;&nbsp;&nbsp; Prezentacja Projektu \u2013 Ma\u0142gorzata Baka-Theis<\/p>\n\n\n\n<p>11:00-14:00 \u2013 Wyst\u0105pienia:<\/p>\n\n\n\n<ul class=\"wp-block-list\"><li>dr hab. Micha\u0142 F. Wo\u017aniak, prof. UMK \u2013 <em>Wprowadzenie<\/em><\/li><li>Aldona To\u0142ysz <em>\u2013 S\u0142ownikowe poj\u0119cie \u201emuzeum\u201d<\/em><\/li><li>dr Lech Brusewicz \u2013 <em>Gabinety i kolekcje<\/em><\/li><li>dr hab. Tomasz F. de Rosset \u2013 <em>\u201eMuzeum narodowe\u201d<\/em><\/li><\/ul>\n\n\n\n<p>PRZERWA<\/p>\n\n\n\n<ul class=\"wp-block-list\"><li>dr Agnieszka Kluczewska-W\u00f3jcik \u2013 <em>Muzeum i kolekcja w refleksji Krzysztofa \u00a0\u00a0\u00a0 Pomiana<\/em><\/li><li>Ma\u0142gorzata Wawrzak \u2013 <em>Czy muzeum to &#8222;Kosztowny przybytek nudy i martwoty&#8221;? \u00a0\u00a0\u00a0 Cele, zadania i klasyfikacja muze\u00f3w wg Mieczys\u0142awa Tretera<\/em><\/li><li>Ewelina Bednarz \u2013 <em>\u201eMuzeum\u201d wed\u0142ug Kazimierza Malinowskiego<\/em><\/li><li>Ma\u0142gorzata Baka-Theis \u2013 <em>Muzeum w refleksji Wojciecha Gluzi\u0144skiego<\/em><\/li><\/ul>\n\n\n\n<p>14:00-14:30 \u2013 Lunch<\/p>\n\n\n\n<p>14:30-16:00 \u2013 Dyskusja<\/p>\n\n\n\n<p>Zako\u0144czenie seminarium<\/p>\n\n\n\n<p>KONTAKT:<\/p>\n\n\n\n<p>Kierownik projektu &#8211; prof. Tomasz de Rosset, tfrosset@umk.pl<\/p>\n\n\n\n<p>Koordynatorka projektu &#8211; mgr Ma\u0142gorzata Baka-Theis, malgosia_theis@umk.pl, tel. 695 297 142<\/p>\n\n\n\n<hr class=\"wp-block-separator\"\/>\n\n\n\n<p><a href=\"http:\/\/muzeumpamieci.umk.pl\/?p=6954\">Sprawozdanie z seminarium <\/a><\/p>\n","protected":false},"excerpt":{"rendered":"<p>I Seminarium Muzealnicze odb\u0119dzie si\u0119 25 czerwca 2015 roku (sobota) w godzinach od 10:30 do 15:30, na Wydziale Sztuk Pi\u0119knych w Toruniu (ul. Sienkiewicza 30\/32, sala 101, I pi\u0119tro). Seminarium po\u015bwi\u0119cone b\u0119dzie terminologii i poj\u0119ciu \u201emuzeum\u201d. PROGRAM I SEMINARIUM MUZEALNICZEGO: 10:30-11:00 \u2013 Powitanie uczestnik\u00f3w Seminarium \u2013 dr hab. Tomasz F. de Rosset, prof. UMK &nbsp;&nbsp;&nbsp;&hellip; <\/p>\n","protected":false},"author":3,"featured_media":0,"comment_status":"open","ping_status":"open","sticky":false,"template":"","format":"standard","meta":{"footnotes":""},"categories":[6,3],"tags":[],"class_list":["post-6956","post","type-post","status-publish","format-standard","hentry","category-aktualnosci","category-seminarium-muzealnicze"],"aioseo_notices":[],"featured_image_src":" ","featured_image_src_square":" ","author_info":{"display_name":"Aldona To\u0142ysz","author_link":"https:\/\/muzeumpamieci.umk.pl\/?author=3"},"category_info":"<a href=\"https:\/\/muzeumpamieci.umk.pl\/?cat=6\" rel=\"category\">Aktualno\u015bci<\/a>, <a href=\"https:\/\/muzeumpamieci.umk.pl\/?cat=3\" rel=\"category\">Seminarium Muzealnicze<\/a>","tags_info":"","social_share_info":"<a data-share=\"facebook\" href=\"https:\/\/www.facebook.com\/sharer.php?u=https:\/\/muzeumpamieci.umk.pl\/?p=6956\" class=\"tb-facebook-share social-share-default tb-social-share\" target=\"_blank\"><i class=\"fab fa-facebook-f\" aria-hidden=\"true\"><\/i><\/a><a data-share=\"twitter\" href=\"https:\/\/twitter.com\/share?url=https:\/\/muzeumpamieci.umk.pl\/?p=6956\" class=\"tb-twiiter-share social-share-default tb-social-share\" target=\"_blank\"><i class=\"fab fa-twitter\" aria-hidden=\"true\"><\/i><\/a><a data-share=\"linkedin\" href=\"https:\/\/www.linkedin.com\/shareArticle?url=https:\/\/muzeumpamieci.umk.pl\/?p=6956\" class=\"tb-linkedin-share social-share-default tb-social-share\" target=\"_blank\"><i class=\"fab fa-linkedin-in\" aria-hidden=\"true\"><\/i><\/a>","wordExcerpt_info":"<p><!-- wp:paragraph --><\/p>\n<p>I Seminarium Muzealnicze odb\u0119dzie si\u0119 25 czerwca 2015 roku (sobota) w godzinach od 10:30 do 15:30, na Wydziale Sztuk Pi\u0119knych w Toruniu (ul. Sienkiewicza 30\/32, sala 101, I pi\u0119tro). Seminarium po\u015bwi\u0119cone b\u0119dzie terminologii i poj\u0119ciu \u201emuzeum\u201d.<\/p>\n<p><!-- \/wp:paragraph --><\/p>\n<p><!-- wp:paragraph --><\/p>\n<p>PROGRAM I SEMINARIUM MUZEALNICZEGO:<\/p>\n<p><!-- \/wp:paragraph --><\/p>\n<p><!-- wp:paragraph --><\/p>\n<p>10:30-11:00 \u2013 Powitanie uczestnik\u00f3w Seminarium \u2013 dr hab. Tomasz F. de Rosset, prof. UMK<\/p>\n<p><!-- \/wp:paragraph --><\/p>\n<p><!-- wp:paragraph --><\/p>\n<p>&nbsp;&nbsp;&nbsp; &nbsp;&nbsp;&nbsp; Prezentacja Projektu \u2013 Ma\u0142gorzata Baka-Theis<\/p>\n<p><!-- \/wp:paragraph --><\/p>\n<p><!-- wp:paragraph --><\/p>\n<p>11:00-14:00 \u2013 Wyst\u0105pienia:<\/p>\n<p><!-- \/wp:paragraph --><\/p>\n<p><!-- wp:list --><\/p>\n<ul>\n<li>dr hab. Micha\u0142 F. Wo\u017aniak, prof. UMK \u2013 <em>Wprowadzenie<\/em><\/li>\n<li>Aldona To\u0142ysz <em>\u2013 S\u0142ownikowe poj\u0119cie \u201emuzeum\u201d<\/em><\/li>\n<li>dr Lech Brusewicz \u2013 <em>Gabinety i kolekcje<\/em><\/li>\n<li>dr hab. Tomasz F. de Rosset \u2013 <em>\u201eMuzeum narodowe\u201d<\/em><\/li>\n<\/ul>\n<p><!-- \/wp:list --><\/p>\n<p><!-- wp:paragraph --><\/p>\n<p>PRZERWA<\/p>\n<p><!-- \/wp:paragraph --><\/p>\n<p><!-- wp:list --><\/p>\n<ul>\n<li>dr Agnieszka Kluczewska-W\u00f3jcik \u2013 <em>Muzeum i kolekcja w refleksji Krzysztofa \u00a0\u00a0\u00a0 Pomiana<\/em><\/li>\n<li>Ma\u0142gorzata Wawrzak \u2013 <em>Czy muzeum to &#8222;Kosztowny przybytek nudy i martwoty&#8221;? \u00a0\u00a0\u00a0 Cele, zadania i klasyfikacja muze\u00f3w wg Mieczys\u0142awa Tretera<\/em><\/li>\n<li>Ewelina Bednarz \u2013 <em>\u201eMuzeum\u201d wed\u0142ug Kazimierza Malinowskiego<\/em><\/li>\n<li>Ma\u0142gorzata Baka-Theis \u2013 <em>Muzeum w refleksji Wojciecha Gluzi\u0144skiego<\/em><\/li>\n<\/ul>\n<p><!-- \/wp:list --><\/p>\n<p><!-- wp:paragraph --><\/p>\n<p>14:00-14:30 \u2013 Lunch<\/p>\n<p><!-- \/wp:paragraph --><\/p>\n<p><!-- wp:paragraph --><\/p>\n<p>14:30-16:00 \u2013 Dyskusja<\/p>\n<p><!-- \/wp:paragraph --><\/p>\n<p><!-- wp:paragraph --><\/p>\n<p>Zako\u0144czenie seminarium<\/p>\n<p><!-- \/wp:paragraph --><\/p>\n<p><!-- wp:paragraph --><\/p>\n<p>KONTAKT:<\/p>\n<p><!-- \/wp:paragraph --><\/p>\n<p><!-- wp:paragraph --><\/p>\n<p>Kierownik projektu &#8211; prof. Tomasz de Rosset, tfrosset@umk.pl<\/p>\n<p><!-- \/wp:paragraph --><\/p>\n<p><!-- wp:paragraph --><\/p>\n<p>Koordynatorka projektu &#8211; mgr Ma\u0142gorzata Baka-Theis, malgosia_theis@umk.pl, tel. 695 297 142<\/p>\n<p><!-- \/wp:paragraph --><\/p>\n<p><!-- wp:separator --><\/p>\n<hr class=\"wp-block-separator\" \/>\n<!-- \/wp:separator --><\/p>\n<p><!-- wp:paragraph --><\/p>\n<p><a href=\"http:\/\/muzeumpamieci.umk.pl\/?p=6954\">Sprawozdanie z seminarium <\/a><\/p>\n<p><!-- \/wp:paragraph --><\/p>\n","comment_info":"0","_links":{"self":[{"href":"https:\/\/muzeumpamieci.umk.pl\/index.php?rest_route=\/wp\/v2\/posts\/6956","targetHints":{"allow":["GET"]}}],"collection":[{"href":"https:\/\/muzeumpamieci.umk.pl\/index.php?rest_route=\/wp\/v2\/posts"}],"about":[{"href":"https:\/\/muzeumpamieci.umk.pl\/index.php?rest_route=\/wp\/v2\/types\/post"}],"author":[{"embeddable":true,"href":"https:\/\/muzeumpamieci.umk.pl\/index.php?rest_route=\/wp\/v2\/users\/3"}],"replies":[{"embeddable":true,"href":"https:\/\/muzeumpamieci.umk.pl\/index.php?rest_route=%2Fwp%2Fv2%2Fcomments&post=6956"}],"version-history":[{"count":2,"href":"https:\/\/muzeumpamieci.umk.pl\/index.php?rest_route=\/wp\/v2\/posts\/6956\/revisions"}],"predecessor-version":[{"id":6963,"href":"https:\/\/muzeumpamieci.umk.pl\/index.php?rest_route=\/wp\/v2\/posts\/6956\/revisions\/6963"}],"wp:attachment":[{"href":"https:\/\/muzeumpamieci.umk.pl\/index.php?rest_route=%2Fwp%2Fv2%2Fmedia&parent=6956"}],"wp:term":[{"taxonomy":"category","embeddable":true,"href":"https:\/\/muzeumpamieci.umk.pl\/index.php?rest_route=%2Fwp%2Fv2%2Fcategories&post=6956"},{"taxonomy":"post_tag","embeddable":true,"href":"https:\/\/muzeumpamieci.umk.pl\/index.php?rest_route=%2Fwp%2Fv2%2Ftags&post=6956"}],"curies":[{"name":"wp","href":"https:\/\/api.w.org\/{rel}","templated":true}]}}