{"id":6282,"date":"2020-05-11T08:10:26","date_gmt":"2020-05-11T06:10:26","guid":{"rendered":"http:\/\/muzeumpamieci.umk.pl\/?p=6282"},"modified":"2021-02-16T10:00:17","modified_gmt":"2021-02-16T09:00:17","slug":"czestochowa-1905-muzeum-higieny","status":"publish","type":"post","link":"https:\/\/muzeumpamieci.umk.pl\/?p=6282","title":{"rendered":"Cz\u0119stochowa, 1905, Muzeum higieny"},"content":{"rendered":"\n<p>W 1898 r. w nast\u0119pstwie dw\u00f3ch wielkich\nwystaw higienicznych zorganizowanych w Warszawie w 1887 r. i 1896 r., powsta\u0142o\nWarszawskie Towarzystwo Higieniczne. Obie ekspozycje zosta\u0142y zorganizowane przez\ngrup\u0119 lekarzy i dzia\u0142aczy zwi\u0105zanych z czasopismem \u201eZdrowie\u201d, pod\nprzewodnictwem redaktora pisma, dra J\u00f3zefa Polaka. Warszawskie Towarzystwo\nHigieniczne szybko zdoby\u0142o uznanie i poparcie \u015brodowisk inteligenckich w ca\u0142ym\nkraju, m.in. poprzez prowadzone akcje o\u015bwiatowe i edukacyjne oraz dzia\u0142alno\u015b\u0107\nmuzealnicza.<\/p>\n\n\n\n<p>Muzeum&nbsp;\nHigieniczne w Cz\u0119stochowie powsta\u0142o z inicjatywy lekarza, specjalisty w\nzakresie higieny wsi, Kazimierza Che\u0142chowskiego, kt\u00f3ry by\u0142 kierownikiem\nWydzia\u0142u Higieny Ludu Warszawskiego Towarzystwa Higienicznego. Jednym z g\u0142\u00f3wnych\ncel\u00f3w plac\u00f3wki by\u0142o, aby ka\u017cdy p\u0105tnik w czasie swego pobytu na Jasnej G\u00f3rze\nzwiedzi\u0142 muzeum i po powrocie do domu krzewi\u0142 zasady higieny w swojej rodzinnej\nwiosce. Pierwsz\u0105 wystaw\u0119 urz\u0105dzono w 1905 r., w trzech pokojach wynaj\u0119tego\nlokalu przy ul. Wielu\u0144skiej 28. Jak pisano w relacji: \u201ePierwszy zape\u0142niaj\u0105\nmodele, plany i fotografie chat i zagr\u00f3d wiejskich, przyrz\u0105dy ratunkowe,\npo\u017carowe. Na uwag\u0119 zas\u0142uguj\u0105 tu: model chaty higienicznej p. Ks. Makowskiego i\ntego\u017c plan higienicznej zabudowanej nowo powsta\u0142ej wsi. Drugi pok\u00f3j zajmuj\u0105\nmodele i plany \u0142a\u017ani i k\u0105pieli ludowych, dom ma\u0142omiasteczkowy, zaniedbany pod\nwzgl\u0119dem higienicznym, wreszcie wewn\u0119trzne urz\u0105dzenie szpitalne. W trzecim\npokoju mamy model szko\u0142y wiejskiej w Klimontowie, liczne tablice higieniczno-dydaktyczne,\nwydawnictw higieniczne ludowe. Wkr\u00f3tce Muzeum otrzyma pi\u0119knie obrobiony model\nszpitalika, model k\u0105pieli ludowych im. Prusa w Na\u0142\u0119czowie i model chaty z\nokolic Na\u0142\u0119czowa\u201d.<\/p>\n\n\n\n<p>Rozrastaj\u0105ce si\u0119 dzi\u0119ki licznym darowiznom zbiory wymaga\u0142y nowego i usytuowanego bli\u017cej klasztoru lokalu. Z tego wzgl\u0119du w zwi\u0105zku z przygotowaniami do wielkiej Wystawy Przemys\u0142u i Rolnictwa w Cz\u0119stochowie w 1909 r. podj\u0119to starania o wystawienie na jej terenie r\u00f3wnie\u017c budynku Muzeum Higieny. Wybrano projekt budynku\u00a0 pi\u0119trowego, w stylu secesyjnym sporz\u0105dzony przez E. Paprockiego, kt\u00f3ry przewidywa\u0142 na parterze du\u017c\u0105 sal\u0119 odczytow\u0105 i pomieszczenia towarzysz\u0105ce, na pi\u0119trze analogiczn\u0105 sal\u0119 gdzie mia\u0142a by\u0107 urz\u0105dzona wystawa. Wybudowanie gmachu podj\u0119\u0142o Towarzystwo Wasterman, zlecaj\u0105c wykonawstwo firmie Sobieraj w Cz\u0119stochowie. Do nowo powsta\u0142ego gmachu przeniesiono wszystkie eksponaty z lokalu przy ul. Wielu\u0144skiej. Podczas trwania Wystawy Muzeum Higieniczne zwiedzi\u0142o 120 tys. os\u00f3b.\u00a0<\/p>\n\n\n\n<figure class=\"wp-block-image\"><img fetchpriority=\"high\" decoding=\"async\" width=\"1317\" height=\"830\" src=\"http:\/\/muzeumpamieci.umk.pl\/wp-content\/uploads\/2020\/05\/1909_-_Krajowa_Wystawa_Przemyslu_i_Rolnictwa_18418_Fotopolska-Eu.jpg\" alt=\"\" class=\"wp-image-6285\"\/><figcaption>1909, Krajowa Wystawa Przemys\u0142u i Rolnictwa, poczt\u00f3wka, \u017ar\u00f3d\u0142o: Fotopolska-Eu<\/figcaption><\/figure>\n\n\n\n<p>Wygl\u0105d pawilon\u00f3w w czasie trwania Wystawy uwiecznili Bracia Rzepkowicz wydaj\u0105c seri\u0119 kartek pocztowych. Na fotografowanie ekspozycji wystawowych mia\u0142a pozwolenie Firma Fotograficzna \u201e\u015awite\u017a\u201d, relacje z wystaw publikowa\u0142y lokalne gazety. W listopadowym numerze \u201eZorzy Ojczystej\u201d z 1909 r. znajdujemy kr\u00f3tki opis: \u201eW tym gmachu przedstawione s\u0105 sposoby jak w narodzie zachowa\u0107 zdrowie cia\u0142a i uchroni\u0107 od chor\u00f3b\u00a0 nadmiernej \u015bmiertelno\u015bci. Na dole jest sala wyk\u0142adowa, [&#8230;]. W sali tej wisz\u0105 na \u015bcianach ogromne tablice, przedstawiaj\u0105ce zgubny wp\u0142yw alkoholu na zdrowie. Tu te\u017c s\u0105 przedstawione przyk\u0142ady dobrego i z\u0142ego sposobu od\u017cywiania si\u0119 u nas i narod\u00f3w obcych. W sali g\u00f3rnej, mieszcz\u0105 si\u0119 zbiory najrozmaitszych modeli chat w\u0142o\u015bcia\u0144skich, szk\u00f3\u0142 ludowych, ochronek wiejskich.[&#8230;] Obok modeli chat stoj\u0105 przedmioty i wisz\u0105 tablice, wskazuj\u0105ce stan zdrowotno\u015bci na ziemi polskiej, \u015brodki zaradcze, szpitale, sale i \u015brodki operacyjne, sposoby leczenia itd. [&#8230;].\u201d W 1910 r. w salach muzealnych odby\u0142a si\u0119 kolejna Wystawa Przeciwgru\u017alicza, kt\u00f3r\u0105 w ci\u0105gu dw\u00f3ch miesi\u0119cy zwiedzi\u0142o 20\u00a0000 os\u00f3b.<\/p>\n\n\n\n<div class=\"wp-block-image\"><figure class=\"aligncenter\"><img decoding=\"async\" width=\"380\" height=\"351\" src=\"http:\/\/muzeumpamieci.umk.pl\/wp-content\/uploads\/2020\/05\/muzeum-higieny-w-cz\u0119stochowie.png\" alt=\"\" class=\"wp-image-6284\"\/><figcaption> Muzeum higieny w Cz\u0119stochowie, Tygodnik Ilustrowany, 1905, nr 30, s. 557 <\/figcaption><\/figure><\/div>\n\n\n\n<p>Wybuch I wojny \u015bwiatowej przerwa\u0142 dzia\u0142alno\u015b\u0107 Muzeum, jednak ju\u017c w 1916 r. w budynku urz\u0105dzono \u201eWystaw\u0119 pami\u0105tek polskich\u201d i \u201eWystaw\u0119 szkoln\u0105\u201d i \u201eWystaw\u0119 pracy kobiet\u201d. W 1924 r. w budynku swoje zbiory z\u0142o\u017cy\u0142 r\u00f3wnie\u017c cz\u0119stochowski oddzia\u0142 Polskiego Towarzystwa Krajoznawczego, w ten spos\u00f3b po roku powsta\u0142o Miejskie Muzeum Krajoznawcze i Higieniczne. Budynek Muzeum Higienicznego pozosta\u0142 do dnia dzisiejszego. W latach 1996-2000 przeprowadzono generalny remont, zachowuj\u0105c pierwotn\u0105 form\u0119 budynku. Obecnie mieszcz\u0105 si\u0119 tu sale wystawowe Muzeum Cz\u0119stochowskiego.<\/p>\n\n\n\n<div class=\"wp-block-image\"><figure class=\"aligncenter\"><img decoding=\"async\" width=\"376\" height=\"340\" src=\"http:\/\/muzeumpamieci.umk.pl\/wp-content\/uploads\/2020\/05\/uzeum-higieny-w-cz\u0119st.-tyg.ilustr.-1905-30-s.-557..png\" alt=\"\" class=\"wp-image-6283\"\/><figcaption>Muzeum higieny w Cz\u0119stochowie, Tygodnik Ilustrowany, 1905, nr 30, s. 557<\/figcaption><\/figure><\/div>\n\n\n\n<p>\u0179r\u00f3d\u0142a:<\/p>\n\n\n\n<ul class=\"wp-block-list\"><li>Ig. Mat.,<em> Muzeum hygieny ludowej w Cz\u0119stochowie<\/em>, Tygodnik Ilustrowany 29 (16) lipca 1905, nr 30, s. 557.<\/li><li><em>Cz\u0119stochowa,<\/em> c.d., \u201eZorza Ojczysta: pismo miesi\u0119czne z obrazkami : wychodzi w pierwsz\u0105 niedziel\u0119 ka\u017cdego miesi\u0105ca\u201d \u00a0R.4, nr 11 (listopad 1909), s. 166.<\/li><li>A. Ja\u015bkiewicz, <em>Muzeum w Cz\u0119stochowie w latach 1905-1960<\/em>, Rocznik Muzeum Okr\u0119gowego w Cz\u0119stochowie 1993, T. 6, s. 8-14.<\/li><li>D. Z\u0142otkowski, <em>Wystawa Przemys\u0142u i Rolnictwa w Cz\u0119stochowie 1909 roku w \u015bwietle prasy polskiej<\/em>, Cz\u0119stochowa 2009.<\/li><\/ul>\n\n\n\n<p style=\"text-align:right\">[mw]<\/p>\n","protected":false},"excerpt":{"rendered":"<p>W 1898 r. w nast\u0119pstwie dw\u00f3ch wielkich wystaw higienicznych zorganizowanych w Warszawie w 1887 r. i 1896 r., powsta\u0142o Warszawskie Towarzystwo Higieniczne. Obie ekspozycje zosta\u0142y zorganizowane przez grup\u0119 lekarzy i dzia\u0142aczy zwi\u0105zanych z czasopismem \u201eZdrowie\u201d, pod przewodnictwem redaktora pisma, dra J\u00f3zefa Polaka. Warszawskie Towarzystwo Higieniczne szybko zdoby\u0142o uznanie i poparcie \u015brodowisk inteligenckich w ca\u0142ym kraju,&hellip; <\/p>\n","protected":false},"author":7,"featured_media":0,"comment_status":"open","ping_status":"open","sticky":false,"template":"","format":"standard","meta":{"footnotes":""},"categories":[102,159],"tags":[],"class_list":["post-6282","post","type-post","status-publish","format-standard","hentry","category-blog","category-instytucje-muzealne"],"aioseo_notices":[],"featured_image_src":" ","featured_image_src_square":" ","author_info":{"display_name":"Ma\u0142gorzata Wawrzak","author_link":"https:\/\/muzeumpamieci.umk.pl\/?author=7"},"category_info":"<a href=\"https:\/\/muzeumpamieci.umk.pl\/?cat=102\" rel=\"category\">Blog<\/a>, <a href=\"https:\/\/muzeumpamieci.umk.pl\/?cat=159\" rel=\"category\">INSTYTUCJE MUZEALNE<\/a>","tags_info":"","social_share_info":"<a data-share=\"facebook\" href=\"https:\/\/www.facebook.com\/sharer.php?u=https:\/\/muzeumpamieci.umk.pl\/?p=6282\" class=\"tb-facebook-share social-share-default tb-social-share\" target=\"_blank\"><i class=\"fab fa-facebook-f\" aria-hidden=\"true\"><\/i><\/a><a data-share=\"twitter\" href=\"https:\/\/twitter.com\/share?url=https:\/\/muzeumpamieci.umk.pl\/?p=6282\" class=\"tb-twiiter-share social-share-default tb-social-share\" target=\"_blank\"><i class=\"fab fa-twitter\" aria-hidden=\"true\"><\/i><\/a><a data-share=\"linkedin\" href=\"https:\/\/www.linkedin.com\/shareArticle?url=https:\/\/muzeumpamieci.umk.pl\/?p=6282\" class=\"tb-linkedin-share social-share-default tb-social-share\" target=\"_blank\"><i class=\"fab fa-linkedin-in\" aria-hidden=\"true\"><\/i><\/a>","wordExcerpt_info":"<p><!-- wp:paragraph --><\/p>\n<p>W 1898 r. w nast\u0119pstwie dw\u00f3ch wielkich<br \/>\nwystaw higienicznych zorganizowanych w Warszawie w 1887 r. i 1896 r., powsta\u0142o<br \/>\nWarszawskie Towarzystwo Higieniczne. Obie ekspozycje zosta\u0142y zorganizowane przez<br \/>\ngrup\u0119 lekarzy i dzia\u0142aczy zwi\u0105zanych z czasopismem \u201eZdrowie\u201d, pod<br \/>\nprzewodnictwem redaktora pisma, dra J\u00f3zefa Polaka. Warszawskie Towarzystwo<br \/>\nHigieniczne szybko zdoby\u0142o uznanie i poparcie \u015brodowisk inteligenckich w ca\u0142ym<br \/>\nkraju, m.in. poprzez prowadzone akcje o\u015bwiatowe i edukacyjne oraz dzia\u0142alno\u015b\u0107<br \/>\nmuzealnicza.<\/p>\n<p><!-- \/wp:paragraph --><\/p>\n<p><!-- wp:paragraph --><\/p>\n<p>Muzeum&nbsp;<br \/>\nHigieniczne w Cz\u0119stochowie powsta\u0142o z inicjatywy lekarza, specjalisty w<br \/>\nzakresie higieny wsi, Kazimierza Che\u0142chowskiego, kt\u00f3ry by\u0142 kierownikiem<br \/>\nWydzia\u0142u Higieny Ludu Warszawskiego Towarzystwa Higienicznego. Jednym z g\u0142\u00f3wnych<br \/>\ncel\u00f3w plac\u00f3wki by\u0142o, aby ka\u017cdy p\u0105tnik w czasie swego pobytu na Jasnej G\u00f3rze<br \/>\nzwiedzi\u0142 muzeum i po powrocie do domu krzewi\u0142 zasady higieny w swojej rodzinnej<br \/>\nwiosce. Pierwsz\u0105 wystaw\u0119 urz\u0105dzono w 1905 r., w trzech pokojach wynaj\u0119tego<br \/>\nlokalu przy ul. Wielu\u0144skiej 28. Jak pisano w relacji: \u201ePierwszy zape\u0142niaj\u0105<br \/>\nmodele, plany i fotografie chat i zagr\u00f3d wiejskich, przyrz\u0105dy ratunkowe,<br \/>\npo\u017carowe. Na uwag\u0119 zas\u0142uguj\u0105 tu: model chaty higienicznej p. Ks. Makowskiego i<br \/>\ntego\u017c plan higienicznej zabudowanej nowo powsta\u0142ej wsi. Drugi pok\u00f3j zajmuj\u0105<br \/>\nmodele i plany \u0142a\u017ani i k\u0105pieli ludowych, dom ma\u0142omiasteczkowy, zaniedbany pod<br \/>\nwzgl\u0119dem higienicznym, wreszcie wewn\u0119trzne urz\u0105dzenie szpitalne. W trzecim<br \/>\npokoju mamy model szko\u0142y wiejskiej w Klimontowie, liczne tablice higieniczno-dydaktyczne,<br \/>\nwydawnictw higieniczne ludowe. Wkr\u00f3tce Muzeum otrzyma pi\u0119knie obrobiony model<br \/>\nszpitalika, model k\u0105pieli ludowych im. Prusa w Na\u0142\u0119czowie i model chaty z<br \/>\nokolic Na\u0142\u0119czowa\u201d.<\/p>\n<p><!-- \/wp:paragraph --><\/p>\n<p><!-- wp:paragraph --><\/p>\n<p>Rozrastaj\u0105ce si\u0119 dzi\u0119ki licznym darowiznom zbiory wymaga\u0142y nowego i usytuowanego bli\u017cej klasztoru lokalu. Z tego wzgl\u0119du w zwi\u0105zku z przygotowaniami do wielkiej Wystawy Przemys\u0142u i Rolnictwa w Cz\u0119stochowie w 1909 r. podj\u0119to starania o wystawienie na jej terenie r\u00f3wnie\u017c budynku Muzeum Higieny. Wybrano projekt budynku\u00a0 pi\u0119trowego, w stylu secesyjnym sporz\u0105dzony przez E. Paprockiego, kt\u00f3ry przewidywa\u0142 na parterze du\u017c\u0105 sal\u0119 odczytow\u0105 i pomieszczenia towarzysz\u0105ce, na pi\u0119trze analogiczn\u0105 sal\u0119 gdzie mia\u0142a by\u0107 urz\u0105dzona wystawa. Wybudowanie gmachu podj\u0119\u0142o Towarzystwo Wasterman, zlecaj\u0105c wykonawstwo firmie Sobieraj w Cz\u0119stochowie. Do nowo powsta\u0142ego gmachu przeniesiono wszystkie eksponaty z lokalu przy ul. Wielu\u0144skiej. Podczas trwania Wystawy Muzeum Higieniczne zwiedzi\u0142o 120 tys. os\u00f3b.\u00a0<\/p>\n<p><!-- \/wp:paragraph --><\/p>\n<p><!-- wp:image {\"id\":6285} --><\/p>\n<figure class=\"wp-block-image\"><img width=\"1317\" height=\"830\" src=\"http:\/\/muzeumpamieci.umk.pl\/wp-content\/uploads\/2020\/05\/1909_-_Krajowa_Wystawa_Przemyslu_i_Rolnictwa_18418_Fotopolska-Eu.jpg\" alt=\"\" class=\"wp-image-6285\" \/><figcaption>1909, Krajowa Wystawa Przemys\u0142u i Rolnictwa, poczt\u00f3wka, \u017ar\u00f3d\u0142o: Fotopolska-Eu<\/figcaption><\/figure>\n<p><!-- \/wp:image --><\/p>\n<p><!-- wp:paragraph --><\/p>\n<p>Wygl\u0105d pawilon\u00f3w w czasie trwania Wystawy uwiecznili Bracia Rzepkowicz wydaj\u0105c seri\u0119 kartek pocztowych. Na fotografowanie ekspozycji wystawowych mia\u0142a pozwolenie Firma Fotograficzna \u201e\u015awite\u017a\u201d, relacje z wystaw publikowa\u0142y lokalne gazety. W listopadowym numerze \u201eZorzy Ojczystej\u201d z 1909 r. znajdujemy kr\u00f3tki opis: \u201eW tym gmachu przedstawione s\u0105 sposoby jak w narodzie zachowa\u0107 zdrowie cia\u0142a i uchroni\u0107 od chor\u00f3b\u00a0 nadmiernej \u015bmiertelno\u015bci. Na dole jest sala wyk\u0142adowa, [&#8230;]. W sali tej wisz\u0105 na \u015bcianach ogromne tablice, przedstawiaj\u0105ce zgubny wp\u0142yw alkoholu na zdrowie. Tu te\u017c s\u0105 przedstawione przyk\u0142ady dobrego i z\u0142ego sposobu od\u017cywiania si\u0119 u nas i narod\u00f3w obcych. W sali g\u00f3rnej, mieszcz\u0105 si\u0119 zbiory najrozmaitszych modeli chat w\u0142o\u015bcia\u0144skich, szk\u00f3\u0142 ludowych, ochronek wiejskich.[&#8230;] Obok modeli chat stoj\u0105 przedmioty i wisz\u0105 tablice, wskazuj\u0105ce stan zdrowotno\u015bci na ziemi polskiej, \u015brodki zaradcze, szpitale, sale i \u015brodki operacyjne, sposoby leczenia itd. [&#8230;].\u201d W 1910 r. w salach muzealnych odby\u0142a si\u0119 kolejna Wystawa Przeciwgru\u017alicza, kt\u00f3r\u0105 w ci\u0105gu dw\u00f3ch miesi\u0119cy zwiedzi\u0142o 20\u00a0000 os\u00f3b.<\/p>\n<p><!-- \/wp:paragraph --><\/p>\n<p><!-- wp:image {\"id\":6284,\"align\":\"center\"} --><\/p>\n<div class=\"wp-block-image\">\n<figure class=\"aligncenter\"><img width=\"380\" height=\"351\" src=\"http:\/\/muzeumpamieci.umk.pl\/wp-content\/uploads\/2020\/05\/muzeum-higieny-w-cz\u0119stochowie.png\" alt=\"\" class=\"wp-image-6284\" \/><figcaption> Muzeum higieny w Cz\u0119stochowie, Tygodnik Ilustrowany, 1905, nr 30, s. 557 <\/figcaption><\/figure>\n<\/div>\n<p><!-- \/wp:image --><\/p>\n<p><!-- wp:paragraph --><\/p>\n<p>Wybuch I wojny \u015bwiatowej przerwa\u0142 dzia\u0142alno\u015b\u0107 Muzeum, jednak ju\u017c w 1916 r. w budynku urz\u0105dzono \u201eWystaw\u0119 pami\u0105tek polskich\u201d i \u201eWystaw\u0119 szkoln\u0105\u201d i \u201eWystaw\u0119 pracy kobiet\u201d. W 1924 r. w budynku swoje zbiory z\u0142o\u017cy\u0142 r\u00f3wnie\u017c cz\u0119stochowski oddzia\u0142 Polskiego Towarzystwa Krajoznawczego, w ten spos\u00f3b po roku powsta\u0142o Miejskie Muzeum Krajoznawcze i Higieniczne. Budynek Muzeum Higienicznego pozosta\u0142 do dnia dzisiejszego. W latach 1996-2000 przeprowadzono generalny remont, zachowuj\u0105c pierwotn\u0105 form\u0119 budynku. Obecnie mieszcz\u0105 si\u0119 tu sale wystawowe Muzeum Cz\u0119stochowskiego.<\/p>\n<p><!-- \/wp:paragraph --><\/p>\n<p><!-- wp:image {\"id\":6283,\"align\":\"center\"} --><\/p>\n<div class=\"wp-block-image\">\n<figure class=\"aligncenter\"><img width=\"376\" height=\"340\" src=\"http:\/\/muzeumpamieci.umk.pl\/wp-content\/uploads\/2020\/05\/uzeum-higieny-w-cz\u0119st.-tyg.ilustr.-1905-30-s.-557..png\" alt=\"\" class=\"wp-image-6283\" \/><figcaption>Muzeum higieny w Cz\u0119stochowie, Tygodnik Ilustrowany, 1905, nr 30, s. 557<\/figcaption><\/figure>\n<\/div>\n<p><!-- \/wp:image --><\/p>\n<p><!-- wp:paragraph --><\/p>\n<p>\u0179r\u00f3d\u0142a:<\/p>\n<p><!-- \/wp:paragraph --><\/p>\n<p><!-- wp:list --><\/p>\n<ul>\n<li>Ig. Mat.,<em> Muzeum hygieny ludowej w Cz\u0119stochowie<\/em>, Tygodnik Ilustrowany 29 (16) lipca 1905, nr 30, s. 557.<\/li>\n<li><em>Cz\u0119stochowa,<\/em> c.d., \u201eZorza Ojczysta: pismo miesi\u0119czne z obrazkami : wychodzi w pierwsz\u0105 niedziel\u0119 ka\u017cdego miesi\u0105ca\u201d \u00a0R.4, nr 11 (listopad 1909), s. 166.<\/li>\n<li>A. Ja\u015bkiewicz, <em>Muzeum w Cz\u0119stochowie w latach 1905-1960<\/em>, Rocznik Muzeum Okr\u0119gowego w Cz\u0119stochowie 1993, T. 6, s. 8-14.<\/li>\n<li>D. Z\u0142otkowski, <em>Wystawa Przemys\u0142u i Rolnictwa w Cz\u0119stochowie 1909 roku w \u015bwietle prasy polskiej<\/em>, Cz\u0119stochowa 2009.<\/li>\n<\/ul>\n<p><!-- \/wp:list --><\/p>\n<p><!-- wp:paragraph {\"align\":\"right\"} --><\/p>\n<p style=\"text-align:right\">[mw]<\/p>\n<p><!-- \/wp:paragraph --><\/p>\n","comment_info":"0","_links":{"self":[{"href":"https:\/\/muzeumpamieci.umk.pl\/index.php?rest_route=\/wp\/v2\/posts\/6282","targetHints":{"allow":["GET"]}}],"collection":[{"href":"https:\/\/muzeumpamieci.umk.pl\/index.php?rest_route=\/wp\/v2\/posts"}],"about":[{"href":"https:\/\/muzeumpamieci.umk.pl\/index.php?rest_route=\/wp\/v2\/types\/post"}],"author":[{"embeddable":true,"href":"https:\/\/muzeumpamieci.umk.pl\/index.php?rest_route=\/wp\/v2\/users\/7"}],"replies":[{"embeddable":true,"href":"https:\/\/muzeumpamieci.umk.pl\/index.php?rest_route=%2Fwp%2Fv2%2Fcomments&post=6282"}],"version-history":[{"count":1,"href":"https:\/\/muzeumpamieci.umk.pl\/index.php?rest_route=\/wp\/v2\/posts\/6282\/revisions"}],"predecessor-version":[{"id":6287,"href":"https:\/\/muzeumpamieci.umk.pl\/index.php?rest_route=\/wp\/v2\/posts\/6282\/revisions\/6287"}],"wp:attachment":[{"href":"https:\/\/muzeumpamieci.umk.pl\/index.php?rest_route=%2Fwp%2Fv2%2Fmedia&parent=6282"}],"wp:term":[{"taxonomy":"category","embeddable":true,"href":"https:\/\/muzeumpamieci.umk.pl\/index.php?rest_route=%2Fwp%2Fv2%2Fcategories&post=6282"},{"taxonomy":"post_tag","embeddable":true,"href":"https:\/\/muzeumpamieci.umk.pl\/index.php?rest_route=%2Fwp%2Fv2%2Ftags&post=6282"}],"curies":[{"name":"wp","href":"https:\/\/api.w.org\/{rel}","templated":true}]}}