{"id":6191,"date":"2020-04-06T07:46:52","date_gmt":"2020-04-06T05:46:52","guid":{"rendered":"http:\/\/muzeumpamieci.umk.pl\/?p=6191"},"modified":"2020-05-05T10:22:08","modified_gmt":"2020-05-05T08:22:08","slug":"cieszyn-1901-muzeum-slaskie-polskiego-towarzystwa-ludoznawczego","status":"publish","type":"post","link":"https:\/\/muzeumpamieci.umk.pl\/?p=6191","title":{"rendered":"Cieszyn, 1901, Muzeum \u015al\u0105skie Polskiego Towarzystwa Ludoznawczego"},"content":{"rendered":"\n<p>\u201ePoznanie naszego kraju nale\u017cy do naszych obowi\u0105zk\u00f3w narodowych. Dlatego powinni\u015bmy skrz\u0119tnie gromadzi\u0107 wszelkie pomniki naszej przesz\u0142o\u015bci i wszystko, co mo\u017ce by\u0107 \u015bwiadkiem o bie\u017c\u0105cej chwili, o losach naszych w tym kraju, w kt\u00f3rym od niepami\u0119tnych czas\u00f3w mieszka nasz nar\u00f3d\u201d napisa\u0142 w <em>Odezwie do ziomk\u00f3w, <\/em>umieszczonej na \u0142amach \u201ePrzegl\u0105du Politycznego\u201d w 1894 roku, Andrzej Cincia\u0142a \u2013 polski ewangelicki dzia\u0142acz narodowy i ludoznawca (dokumentuj\u0105cy m.in. powiedzenia ludu \u015bl\u0105skiego). Jego zamiarem by\u0142o z\u0142o\u017cenie tych zbior\u00f3w w Czytelni Ludowej w Cieszynie, gdzie z czasem mog\u0142yby powsta\u0107 archiwum i muzeum \u015bl\u0105skie. Po \u015bmierci Cincia\u0142y jego zbiory uleg\u0142y rozproszeniu.<\/p>\n\n\n\n<div class=\"wp-block-image\"><figure class=\"alignright\"><img fetchpriority=\"high\" decoding=\"async\" width=\"272\" height=\"376\" src=\"http:\/\/muzeumpamieci.umk.pl\/wp-content\/uploads\/2020\/04\/1.-Dom-Polski-w-Cieszynie.png\" alt=\"\" class=\"wp-image-6193\"\/><figcaption>Dom Polski w Cieszynie, za: <a href=\"https:\/\/docplayer.pl\/60249827-Przewodniki-polskie.html\">Przewodnik po \u015al\u0105sku Cieszy\u0144skim wraz z opisem topograficzno-etnograficznym i szkicem dziej\u00f3w ksi\u0119stwa cieszy\u0144skiego<\/a>, u\u0142o\u017cy\u0142 ks. Antoni Macoszek, Lw\u00f3w 1901, s. 12 <\/figcaption><\/figure><\/div>\n\n\n\n<p>Nied\u0142ugo potem w\n\u201eGwiazdce Cieszy\u0144skiej\u201d, pojawi\u0142a si\u0119 kolejna odezwa podpisana przez w\u0142adze\ndzia\u0142aj\u0105cego od 1873 roku towarzystwa o\u015bwiatowo-wydawniczego \u201eDziedzictwo b\u0142.\nJana Sarkandra dla Ludu Polskiego na \u015al\u0105sku\u201d, podpisana przez ks. Ignacego \u015awie\u017cego\n(1839\u20131902) \u2013 prezesa stowarzyszenia i dokumentalist\u0119 regionalnego folkloru,\nnawo\u0142uj\u0105ca do gromadzenia wszelkich przedmiot\u00f3w zwi\u0105zanych z codziennym \u017cyciem\nmieszka\u0144c\u00f3w: \u201eDlatego postanowi\u0142o \u00abDziedzictwo\u00bb zbiera\u0107 takie przedmioty, kt\u00f3re\nmog\u0105 nam przedstawi\u0107 \u017cycie przodk\u00f3w i da\u0107 o nim wyobra\u017cenie i utworzy\u0107 z tych\nprzedmiot\u00f3w muzeum.<\/p>\n\n\n\n<p>Pocz\u0105tkowo\nzbiory gromadzono w siedzibie towarzystwa (Stary Targ 4), nast\u0119pnie\nprzeniesiono do budynku polskiej Szko\u0142y Ludowej w Cieszynie, przy ul. Sydonii\n6, za\u0142o\u017conej przez Macierz Szkoln\u0105 w 1900 roku. W tym samym roku \u201eDziedzictwo\u201d,\nzrezygnowa\u0142o z opieki nad zbiorami. <\/p>\n\n\n\n<p>W 1901 roku patronat\nnad kolekcj\u0105 obj\u0119\u0142o Polskie Towarzystwo Ludoznawcze w ksi\u0119stwie cieszy\u0144skim z\nsiedzib\u0105 w Cieszynie, za\u0142o\u017cone&nbsp; przez\nkilku polskich dzia\u0142aczy wyznania ewangelickiego i katolickiego, \u201eaby\npowstaj\u0105cemu muzeum zapewni\u0107 podstaw\u0119 bytu i rozwoju\u201d. Pocz\u0105tek stanowi\u0142a\nkolekcja \u201edruk\u00f3w, obraz\u00f3w, mebli, stroj\u00f3w i wszelkich zabytk\u00f3w i pomnik\u00f3w, kt\u00f3re\nnasi przodkowie wytworzyli i\nnam zostawili\u201d. &#8211; ksi\u0119dza J\u00f3zefa Londzina, znanego z\ndzia\u0142alno\u015bci spo\u0142ecznej, naukowej i politycznej w Cieszynie. Towarzystwo\npowsta\u0142o, jako oddzia\u0142 Towarzystwa Ludoznawczego we Lwowie za\u0142o\u017conego w 1895 roku.\nCelem organizacji cieszy\u0144skiej by\u0142o m. in. \u201ebadanie ludu polskiego i lud\u00f3w\ns\u0105siednich oraz rozpowszechnianie o nim zebranych wiadomo\u015bci, a zw\u0142aszcza\nutrzymywanie muzeum \u015bl\u0105skiego\u201d. <\/p>\n\n\n\n<p>Na prze\u0142omie sierpnia i\nwrze\u015bnia 1903 roku w gmachu Szko\u0142y Ludowej Towarzystwo zorganizowa\u0142o bogat\u0105\nwystaw\u0119 ludoznawcz\u0105, sk\u0142adaj\u0105c\u0105 si\u0119 z trzech g\u0142\u00f3wnych dzia\u0142\u00f3w: ko\u015bcielno-religijnego,\nludoznawczego i dziejowo pi\u015bmienniczego. <\/p>\n\n\n\n<p>W 1911 roku zbiory przeniesiono do pomieszcze\u0144 klasztoru oo. Bonifratr\u00f3w w Cieszynie, by w tym samym roku umie\u015bci\u0107 je w budynku seminarium nauczycielskiego na Bobrku ko\u0142o Cieszyna. Ostatecznie w 1930 roku zbiory Towarzystwa w\u0142\u0105czono do zbior\u00f3w muzeum miejskiego w Cieszynie, otwartego w 1931 roku.<\/p>\n\n\n\n<div class=\"wp-block-image\"><figure class=\"aligncenter\"><img decoding=\"async\" width=\"432\" height=\"321\" src=\"http:\/\/muzeumpamieci.umk.pl\/wp-content\/uploads\/2020\/04\/2.-Dzia\u0142-religijno-ko\u015bcielny-Wyst.-Lud.-w-Cieszynie.png\" alt=\"\" class=\"wp-image-6192\"\/><figcaption>Dzia\u0142 religijno-ko\u015bcielny. Wystawa Ludoznawcza w budynku Szko\u0142y Ludowej w Cieszynie 1903 r. <\/figcaption><\/figure><\/div>\n\n\n\n<p>Wi\u0119cej na temat muzeum:<\/p>\n\n\n\n<ul class=\"wp-block-list\"><li><em>Statut Polskiego Towarzystwa Ludoznawczego w Cieszynie<\/em>, Cieszyn1901.<\/li><li>G. Sm\u00f3lski, <em>Wystawa Ludoznawcza w Cieszynie<\/em>, \u201eNaoko\u0142o \u015awiata. Pismo Tygodniowe Ilustrowane po\u015bwi\u0119cone opisom ziem, lud\u00f3w, podr\u00f3\u017cy, zjawisk i wynalazk\u00f3w\u201d 1903, Warszawa, nr 41\u201346.<\/li><li>Em. Grim, <em>Ks. J\u00f3zef Londzin<\/em>, <a href=\"https:\/\/www.sbc.org.pl\/dlibra\/metadatasearch?action=AdvancedSearchAction&amp;type=-3&amp;val1=Title:Roczniki+Towarzystwa+Przyjaci%C3%B3%C5%82+Nauk+na+%C5%9Al%C4%85sku%2C+1930%2C+R.+2\">Roczniki Towarzystwa Przyjaci\u00f3\u0142 Nauk na \u015al\u0105sku, 1930, R. 2<\/a>, s. 84<\/li><li>J. Branny, 2003: <em>Historia cieszy\u0144skiego Towarzystwa Ludoznawczego<\/em>, [w:] <em>Sto lat ludoznawstwa nad Olz\u0105<\/em>, red. L. Richter, J. Szymik, Czeski Cieszyn 2003, s. 7-39.<\/li><li>Grzegorz Studnicki,<em> Prywatne i spo\u0142eczne muzea na \u015al\u0105sku Cieszy\u0144skim w kontek\u015bcie to\u017csamo\u015bci regionalnej, <\/em>[w:] Zbi\u00f3r Wiadomo\u015bci do Antropologii Muzealnej, Nr 5\/2018, s. 157\u2013176 (pdf)<\/li><\/ul>\n\n\n\n<p style=\"text-align:right\">[mw]<\/p>\n","protected":false},"excerpt":{"rendered":"<p>\u201ePoznanie naszego kraju nale\u017cy do naszych obowi\u0105zk\u00f3w narodowych. Dlatego powinni\u015bmy skrz\u0119tnie gromadzi\u0107 wszelkie pomniki naszej przesz\u0142o\u015bci i wszystko, co mo\u017ce by\u0107 \u015bwiadkiem o bie\u017c\u0105cej chwili, o losach naszych w tym kraju, w kt\u00f3rym od niepami\u0119tnych czas\u00f3w mieszka nasz nar\u00f3d\u201d napisa\u0142 w Odezwie do ziomk\u00f3w, umieszczonej na \u0142amach \u201ePrzegl\u0105du Politycznego\u201d w 1894 roku, Andrzej Cincia\u0142a \u2013&hellip; <\/p>\n","protected":false},"author":7,"featured_media":6192,"comment_status":"open","ping_status":"open","sticky":false,"template":"","format":"standard","meta":{"footnotes":""},"categories":[102,159],"tags":[],"class_list":["post-6191","post","type-post","status-publish","format-standard","has-post-thumbnail","hentry","category-blog","category-instytucje-muzealne"],"aioseo_notices":[],"featured_image_src":"https:\/\/muzeumpamieci.umk.pl\/wp-content\/uploads\/2020\/04\/2.-Dzia\u0142-religijno-ko\u015bcielny-Wyst.-Lud.-w-Cieszynie.png","featured_image_src_square":"https:\/\/muzeumpamieci.umk.pl\/wp-content\/uploads\/2020\/04\/2.-Dzia\u0142-religijno-ko\u015bcielny-Wyst.-Lud.-w-Cieszynie.png","author_info":{"display_name":"Ma\u0142gorzata Wawrzak","author_link":"https:\/\/muzeumpamieci.umk.pl\/?author=7"},"category_info":"<a href=\"https:\/\/muzeumpamieci.umk.pl\/?cat=102\" rel=\"category\">Blog<\/a>, <a href=\"https:\/\/muzeumpamieci.umk.pl\/?cat=159\" rel=\"category\">INSTYTUCJE MUZEALNE<\/a>","tags_info":"","social_share_info":"<a data-share=\"facebook\" href=\"https:\/\/www.facebook.com\/sharer.php?u=https:\/\/muzeumpamieci.umk.pl\/?p=6191\" class=\"tb-facebook-share social-share-default tb-social-share\" target=\"_blank\"><i class=\"fab fa-facebook-f\" aria-hidden=\"true\"><\/i><\/a><a data-share=\"twitter\" href=\"https:\/\/twitter.com\/share?url=https:\/\/muzeumpamieci.umk.pl\/?p=6191\" class=\"tb-twiiter-share social-share-default tb-social-share\" target=\"_blank\"><i class=\"fab fa-twitter\" aria-hidden=\"true\"><\/i><\/a><a data-share=\"linkedin\" href=\"https:\/\/www.linkedin.com\/shareArticle?url=https:\/\/muzeumpamieci.umk.pl\/?p=6191\" class=\"tb-linkedin-share social-share-default tb-social-share\" target=\"_blank\"><i class=\"fab fa-linkedin-in\" aria-hidden=\"true\"><\/i><\/a>","wordExcerpt_info":"<p><!-- wp:paragraph --><\/p>\n<p>\u201ePoznanie naszego kraju nale\u017cy do naszych obowi\u0105zk\u00f3w narodowych. Dlatego powinni\u015bmy skrz\u0119tnie gromadzi\u0107 wszelkie pomniki naszej przesz\u0142o\u015bci i wszystko, co mo\u017ce by\u0107 \u015bwiadkiem o bie\u017c\u0105cej chwili, o losach naszych w tym kraju, w kt\u00f3rym od niepami\u0119tnych czas\u00f3w mieszka nasz nar\u00f3d\u201d napisa\u0142 w <em>Odezwie do ziomk\u00f3w, <\/em>umieszczonej na \u0142amach \u201ePrzegl\u0105du Politycznego\u201d w 1894 roku, Andrzej Cincia\u0142a \u2013 polski ewangelicki dzia\u0142acz narodowy i ludoznawca (dokumentuj\u0105cy m.in. powiedzenia ludu \u015bl\u0105skiego). Jego zamiarem by\u0142o z\u0142o\u017cenie tych zbior\u00f3w w Czytelni Ludowej w Cieszynie, gdzie z czasem mog\u0142yby powsta\u0107 archiwum i muzeum \u015bl\u0105skie. Po \u015bmierci Cincia\u0142y jego zbiory uleg\u0142y rozproszeniu.<\/p>\n<p><!-- \/wp:paragraph --><\/p>\n<p><!-- wp:image {\"id\":6193,\"align\":\"right\"} --><\/p>\n<div class=\"wp-block-image\">\n<figure class=\"alignright\"><img width=\"272\" height=\"376\" src=\"http:\/\/muzeumpamieci.umk.pl\/wp-content\/uploads\/2020\/04\/1.-Dom-Polski-w-Cieszynie.png\" alt=\"\" class=\"wp-image-6193\" \/><figcaption>Dom Polski w Cieszynie, za: <a href=\"https:\/\/docplayer.pl\/60249827-Przewodniki-polskie.html\">Przewodnik po \u015al\u0105sku Cieszy\u0144skim wraz z opisem topograficzno-etnograficznym i szkicem dziej\u00f3w ksi\u0119stwa cieszy\u0144skiego<\/a>, u\u0142o\u017cy\u0142 ks. Antoni Macoszek, Lw\u00f3w 1901, s. 12 <\/figcaption><\/figure>\n<\/div>\n<p><!-- \/wp:image --><\/p>\n<p><!-- wp:paragraph --><\/p>\n<p>Nied\u0142ugo potem w<br \/>\n\u201eGwiazdce Cieszy\u0144skiej\u201d, pojawi\u0142a si\u0119 kolejna odezwa podpisana przez w\u0142adze<br \/>\ndzia\u0142aj\u0105cego od 1873 roku towarzystwa o\u015bwiatowo-wydawniczego \u201eDziedzictwo b\u0142.<br \/>\nJana Sarkandra dla Ludu Polskiego na \u015al\u0105sku\u201d, podpisana przez ks. Ignacego \u015awie\u017cego<br \/>\n(1839\u20131902) \u2013 prezesa stowarzyszenia i dokumentalist\u0119 regionalnego folkloru,<br \/>\nnawo\u0142uj\u0105ca do gromadzenia wszelkich przedmiot\u00f3w zwi\u0105zanych z codziennym \u017cyciem<br \/>\nmieszka\u0144c\u00f3w: \u201eDlatego postanowi\u0142o \u00abDziedzictwo\u00bb zbiera\u0107 takie przedmioty, kt\u00f3re<br \/>\nmog\u0105 nam przedstawi\u0107 \u017cycie przodk\u00f3w i da\u0107 o nim wyobra\u017cenie i utworzy\u0107 z tych<br \/>\nprzedmiot\u00f3w muzeum.<\/p>\n<p><!-- \/wp:paragraph --><\/p>\n<p><!-- wp:paragraph --><\/p>\n<p>Pocz\u0105tkowo<br \/>\nzbiory gromadzono w siedzibie towarzystwa (Stary Targ 4), nast\u0119pnie<br \/>\nprzeniesiono do budynku polskiej Szko\u0142y Ludowej w Cieszynie, przy ul. Sydonii<br \/>\n6, za\u0142o\u017conej przez Macierz Szkoln\u0105 w 1900 roku. W tym samym roku \u201eDziedzictwo\u201d,<br \/>\nzrezygnowa\u0142o z opieki nad zbiorami. <\/p>\n<p><!-- \/wp:paragraph --><\/p>\n<p><!-- wp:paragraph --><\/p>\n<p>W 1901 roku patronat<br \/>\nnad kolekcj\u0105 obj\u0119\u0142o Polskie Towarzystwo Ludoznawcze w ksi\u0119stwie cieszy\u0144skim z<br \/>\nsiedzib\u0105 w Cieszynie, za\u0142o\u017cone&nbsp; przez<br \/>\nkilku polskich dzia\u0142aczy wyznania ewangelickiego i katolickiego, \u201eaby<br \/>\npowstaj\u0105cemu muzeum zapewni\u0107 podstaw\u0119 bytu i rozwoju\u201d. Pocz\u0105tek stanowi\u0142a<br \/>\nkolekcja \u201edruk\u00f3w, obraz\u00f3w, mebli, stroj\u00f3w i wszelkich zabytk\u00f3w i pomnik\u00f3w, kt\u00f3re<br \/>\nnasi przodkowie wytworzyli i<br \/>\nnam zostawili\u201d. &#8211; ksi\u0119dza J\u00f3zefa Londzina, znanego z<br \/>\ndzia\u0142alno\u015bci spo\u0142ecznej, naukowej i politycznej w Cieszynie. Towarzystwo<br \/>\npowsta\u0142o, jako oddzia\u0142 Towarzystwa Ludoznawczego we Lwowie za\u0142o\u017conego w 1895 roku.<br \/>\nCelem organizacji cieszy\u0144skiej by\u0142o m. in. \u201ebadanie ludu polskiego i lud\u00f3w<br \/>\ns\u0105siednich oraz rozpowszechnianie o nim zebranych wiadomo\u015bci, a zw\u0142aszcza<br \/>\nutrzymywanie muzeum \u015bl\u0105skiego\u201d. <\/p>\n<p><!-- \/wp:paragraph --><\/p>\n<p><!-- wp:paragraph --><\/p>\n<p>Na prze\u0142omie sierpnia i<br \/>\nwrze\u015bnia 1903 roku w gmachu Szko\u0142y Ludowej Towarzystwo zorganizowa\u0142o bogat\u0105<br \/>\nwystaw\u0119 ludoznawcz\u0105, sk\u0142adaj\u0105c\u0105 si\u0119 z trzech g\u0142\u00f3wnych dzia\u0142\u00f3w: ko\u015bcielno-religijnego,<br \/>\nludoznawczego i dziejowo pi\u015bmienniczego. <\/p>\n<p><!-- \/wp:paragraph --><\/p>\n<p><!-- wp:paragraph --><\/p>\n<p>W 1911 roku zbiory przeniesiono do pomieszcze\u0144 klasztoru oo. Bonifratr\u00f3w w Cieszynie, by w tym samym roku umie\u015bci\u0107 je w budynku seminarium nauczycielskiego na Bobrku ko\u0142o Cieszyna. Ostatecznie w 1930 roku zbiory Towarzystwa w\u0142\u0105czono do zbior\u00f3w muzeum miejskiego w Cieszynie, otwartego w 1931 roku.<\/p>\n<p><!-- \/wp:paragraph --><\/p>\n<p><!-- wp:image {\"id\":6192,\"align\":\"center\"} --><\/p>\n<div class=\"wp-block-image\">\n<figure class=\"aligncenter\"><img width=\"432\" height=\"321\" src=\"http:\/\/muzeumpamieci.umk.pl\/wp-content\/uploads\/2020\/04\/2.-Dzia\u0142-religijno-ko\u015bcielny-Wyst.-Lud.-w-Cieszynie.png\" alt=\"\" class=\"wp-image-6192\" \/><figcaption>Dzia\u0142 religijno-ko\u015bcielny. Wystawa Ludoznawcza w budynku Szko\u0142y Ludowej w Cieszynie 1903 r. <\/figcaption><\/figure>\n<\/div>\n<p><!-- \/wp:image --><\/p>\n<p><!-- wp:paragraph --><\/p>\n<p>Wi\u0119cej na temat muzeum:<\/p>\n<p><!-- \/wp:paragraph --><\/p>\n<p><!-- wp:list --><\/p>\n<ul>\n<li><em>Statut Polskiego Towarzystwa Ludoznawczego w Cieszynie<\/em>, Cieszyn1901.<\/li>\n<li>G. Sm\u00f3lski, <em>Wystawa Ludoznawcza w Cieszynie<\/em>, \u201eNaoko\u0142o \u015awiata. Pismo Tygodniowe Ilustrowane po\u015bwi\u0119cone opisom ziem, lud\u00f3w, podr\u00f3\u017cy, zjawisk i wynalazk\u00f3w\u201d 1903, Warszawa, nr 41\u201346.<\/li>\n<li>Em. Grim, <em>Ks. J\u00f3zef Londzin<\/em>, <a href=\"https:\/\/www.sbc.org.pl\/dlibra\/metadatasearch?action=AdvancedSearchAction&amp;type=-3&amp;val1=Title:Roczniki+Towarzystwa+Przyjaci%C3%B3%C5%82+Nauk+na+%C5%9Al%C4%85sku%2C+1930%2C+R.+2\">Roczniki Towarzystwa Przyjaci\u00f3\u0142 Nauk na \u015al\u0105sku, 1930, R. 2<\/a>, s. 84<\/li>\n<li>J. Branny, 2003: <em>Historia cieszy\u0144skiego Towarzystwa Ludoznawczego<\/em>, [w:] <em>Sto lat ludoznawstwa nad Olz\u0105<\/em>, red. L. Richter, J. Szymik, Czeski Cieszyn 2003, s. 7-39.<\/li>\n<li>Grzegorz Studnicki,<em> Prywatne i spo\u0142eczne muzea na \u015al\u0105sku Cieszy\u0144skim w kontek\u015bcie to\u017csamo\u015bci regionalnej, <\/em>[w:] Zbi\u00f3r Wiadomo\u015bci do Antropologii Muzealnej, Nr 5\/2018, s. 157\u2013176 (pdf)<\/li>\n<\/ul>\n<p><!-- \/wp:list --><\/p>\n<p><!-- wp:paragraph {\"align\":\"right\"} --><\/p>\n<p style=\"text-align:right\">[mw]<\/p>\n<p><!-- \/wp:paragraph --><\/p>\n","comment_info":"0","_links":{"self":[{"href":"https:\/\/muzeumpamieci.umk.pl\/index.php?rest_route=\/wp\/v2\/posts\/6191","targetHints":{"allow":["GET"]}}],"collection":[{"href":"https:\/\/muzeumpamieci.umk.pl\/index.php?rest_route=\/wp\/v2\/posts"}],"about":[{"href":"https:\/\/muzeumpamieci.umk.pl\/index.php?rest_route=\/wp\/v2\/types\/post"}],"author":[{"embeddable":true,"href":"https:\/\/muzeumpamieci.umk.pl\/index.php?rest_route=\/wp\/v2\/users\/7"}],"replies":[{"embeddable":true,"href":"https:\/\/muzeumpamieci.umk.pl\/index.php?rest_route=%2Fwp%2Fv2%2Fcomments&post=6191"}],"version-history":[{"count":1,"href":"https:\/\/muzeumpamieci.umk.pl\/index.php?rest_route=\/wp\/v2\/posts\/6191\/revisions"}],"predecessor-version":[{"id":6194,"href":"https:\/\/muzeumpamieci.umk.pl\/index.php?rest_route=\/wp\/v2\/posts\/6191\/revisions\/6194"}],"wp:featuredmedia":[{"embeddable":true,"href":"https:\/\/muzeumpamieci.umk.pl\/index.php?rest_route=\/wp\/v2\/media\/6192"}],"wp:attachment":[{"href":"https:\/\/muzeumpamieci.umk.pl\/index.php?rest_route=%2Fwp%2Fv2%2Fmedia&parent=6191"}],"wp:term":[{"taxonomy":"category","embeddable":true,"href":"https:\/\/muzeumpamieci.umk.pl\/index.php?rest_route=%2Fwp%2Fv2%2Fcategories&post=6191"},{"taxonomy":"post_tag","embeddable":true,"href":"https:\/\/muzeumpamieci.umk.pl\/index.php?rest_route=%2Fwp%2Fv2%2Ftags&post=6191"}],"curies":[{"name":"wp","href":"https:\/\/api.w.org\/{rel}","templated":true}]}}