{"id":5822,"date":"2020-02-24T08:14:07","date_gmt":"2020-02-24T07:14:07","guid":{"rendered":"http:\/\/muzeumpamieci.umk.pl\/?p=5822"},"modified":"2022-01-16T13:19:47","modified_gmt":"2022-01-16T12:19:47","slug":"krakow-1911-muzeum-etnograficzne","status":"publish","type":"post","link":"https:\/\/muzeumpamieci.umk.pl\/?p=5822","title":{"rendered":"Krak\u00f3w, 1911, Muzeum Etnograficzne"},"content":{"rendered":"\n<p>W 1902 Seweryn Udziela, w porozumieniu z dyrektorem Muzeum Narodowego w Krakowie Feliksem Koper\u0105,&nbsp; z pomoc\u0105 W\u0142odzimierza Tetmajera, Procaj\u0142owicza i Jerzego Warcha\u0142owskiego, zaprezentowa\u0142 w muzeum w\u0142asny zbi\u00f3r etnograficzny. W styczniu 1904 w sali lewego skrzyd\u0142a Sukiennic, tzw. Postrzygalni, otwarto now\u0105 ekspozycj\u0119, na kt\u00f3r\u0105 z\u0142o\u017cy\u0142y si\u0119 przedmioty pochodz\u0105ce zar\u00f3wno z kolekcji Udzieli, licz\u0105cej oko\u0142o dwu tysi\u0119cy obiekt\u00f3w kolekcji, jak i z dar\u00f3w r\u00f3\u017cnych towarzystw, rad powiatowych miast galicyjskich oraz wielu os\u00f3b prywatnych. Dzia\u0142 etnograficzny podzielono na regiony: krakowski, zakopia\u0144ski, litewski, Kr\u00f3lestwa Polskiego,Galicji Wschodniej i teren\u00f3w ruskich. Z powodu braku miejsca ekspozycj\u0119 zlikwidowano.&nbsp;<\/p>\n\n\n\n<p>W 1910 wraz z profesorem antropologii na UJ Julianem Talko-Hryncewiczem Udziela za\u0142o\u017cy\u0142 Towarzystwo Muzeum Etnograficznego, skupiaj\u0105ce nauczycieli akademickich i gimnazjalnych, malarzy,adwokat\u00f3w,ksi\u0119\u017cy, lekarzy i urz\u0119dnik\u00f3w. A niespe\u0142na rok p\u00f3\u017aniej, 19 lutego 1911 otwarto dla zwiedzaj\u0105cych Muzeum, mieszcz\u0105ce si\u0119 w 3 niewielkich pokojach przy ul. Studenckiej 9, kt\u00f3re sk\u0142ada\u0142o si\u0119 g\u0142\u00f3wnie ze zbior\u00f3w Udzieli.<\/p>\n\n\n\n<p>W skutek nap\u0142ywaj\u0105cych wci\u0105\u017c dar\u00f3w przeznaczone na kolekcj\u0119 lokale okaza\u0142y si\u0119 niewystarczaj\u0105ce, zdecydowano si\u0119 wi\u0119c wykorzysta\u0107 na cele muzealne puste pomieszczenia w mieszcz\u0105cym si\u0119 na Wawelu budynku dawnego seminarium \u015bw. Micha\u0142a, zajmowanym cz\u0119\u015bciowo przez inne instytucje. Ju\u017c w 1913 roku przeniesiono tam cz\u0119\u015b\u0107 zbior\u00f3w.&nbsp;<\/p>\n\n\n\n<p>W lutym 1914 roku Sejm Galicyjski uchwali\u0142 przekazanie nowego lokalu Muzeum Etnograficznemu na okres dwudziestu lat, pod warunkiem wyremontowania budynku. Niewielkie \u015brodki pozwala\u0142y na remontowanie i otwieranie kolejnych ekspozycji, prace trwa\u0142y r\u00f3wnie\u017c w czasie I wojny \u015bwiatowej. Ostatnie sale otwarto dla publiczno\u015bci w latach 1920-1921.&nbsp;<\/p>\n\n\n\n<p>W 1931 r. Zarz\u0105d Zamku kr\u00f3lewskiego na Wawelu wypowiedzia\u0142 lokal i Towarzystwo do 31 lipca mia\u0142o opu\u015bci\u0107 budynek, kt\u00f3ry systematycznie popada\u0142 w ruin\u0119. Po \u015bmierci Udzieli we wrze\u015bniu 1937 r., dyrektorem Muzeum zosta\u0142 Tadeusz Seweryn, historyk sztuki i artysta malarz, by\u0142y kustosz. W 1938 r. uzyska\u0142 od miasta pa\u0142ac Wo\u0142odkowicz\u00f3w przy ul. Lubicz i po remoncie otworzy\u0142 tam wystaw\u0119 wsi krakowskiej. Po wybuchu wojny cz\u0119\u015b\u0107 eksponat\u00f3w z Wawelu Niemcy przenie\u015bli do Biblioteki Jagiello\u0144skiej,tam dokonali selekcji i ok. 40% wywie\u017ali do muze\u00f3w w Berlinie, Wroc\u0142awiu i Wiedniu. Wi\u0119kszo\u015b\u0107 pozostawionych zbior\u00f3w zdeponowano w budynku PAU przy ul. S\u0142awkowskiej, w dw\u00f3ch salach Muzeum Archeologicznego, opiekowa\u0142 si\u0119 nimi kustosz Roman Reinfuss.&nbsp;&nbsp;&nbsp;<\/p>\n\n\n\n<p>27 kwietnia 1945 roku Muzeum przesz\u0142o na w\u0142asno\u015b\u0107 pa\u0144stwa. W 1948 uzyskano zabytkowy gmach ratusza na Kazimierzu, do dzisiaj siedzib\u0119 Muzeum Etnograficznego im. S. Udzieli w Krakowie.<\/p>\n\n\n\n<figure class=\"wp-block-image\"><img fetchpriority=\"high\" decoding=\"async\" width=\"851\" height=\"506\" src=\"http:\/\/muzeumpamieci.umk.pl\/wp-content\/uploads\/2020\/02\/wawel_detailPage.jpg\" alt=\"\" class=\"wp-image-5790\"\/><figcaption> Dawna siedziba Muzeum Etnograficznego na Wawelu. Lata 30. XX wieku, \u017ar\u00f3d\u0142o:  Muzeum <a href=\"https:\/\/www.etnomuzeum.eu\/historia\">Etnograficzne w Krakowie <\/a><\/figcaption><\/figure>\n\n\n\n<p>Wybrana bibliografia:<\/p>\n\n\n\n<ul class=\"wp-block-list\"><li>L. Sawicki, Nowe muzeum etnograficzne na ziemiach polskich, Lud, 1910 r. T.16, s.419-424.<\/li><li>Sprawozdanie Wydzia\u0142u Towarzystwa Muzeum Etnograficznego w Krakowie za rok 1911.<\/li><li>L. Sawicki, <em>Nowe Muzeum Etnograficzne<\/em>, \u201eZiemia\u201d, 1911 nr 10, s. 155-156.<\/li><li>J. Petra\u017cycka Tomicka, <em>Muzeum Etnograficzne na Wawelu<\/em>, Lw\u00f3w 1919.<\/li><li>M. Doli\u0144ska, <a href=\"http:\/\/cyfrowaetnografia.pl\/Content\/4705\/Strony%20od%20LUD2003_t87-7_Dolinska.pdf\">Muzeum Etnograficzne w Krakowie &#8211; wierno\u015b\u0107 tradycji<\/a>, &#8222;Lud&#8221;, t. 87, 2003, s.83-109 <\/li><\/ul>\n\n\n\n<p>[mw]<\/p>\n","protected":false},"excerpt":{"rendered":"<p>W 1902 Seweryn Udziela, w porozumieniu z dyrektorem Muzeum Narodowego w Krakowie Feliksem Koper\u0105,&nbsp; z pomoc\u0105 W\u0142odzimierza Tetmajera, Procaj\u0142owicza i Jerzego Warcha\u0142owskiego, zaprezentowa\u0142 w muzeum w\u0142asny zbi\u00f3r etnograficzny. W styczniu 1904 w sali lewego skrzyd\u0142a Sukiennic, tzw. Postrzygalni, otwarto now\u0105 ekspozycj\u0119, na kt\u00f3r\u0105 z\u0142o\u017cy\u0142y si\u0119 przedmioty pochodz\u0105ce zar\u00f3wno z kolekcji Udzieli, licz\u0105cej oko\u0142o dwu tysi\u0119cy&hellip; <\/p>\n","protected":false},"author":7,"featured_media":5790,"comment_status":"open","ping_status":"open","sticky":false,"template":"","format":"standard","meta":{"footnotes":""},"categories":[413,102,159],"tags":[],"class_list":["post-5822","post","type-post","status-publish","format-standard","has-post-thumbnail","hentry","category-__muzea-krakow","category-blog","category-instytucje-muzealne"],"aioseo_notices":[],"featured_image_src":"https:\/\/muzeumpamieci.umk.pl\/wp-content\/uploads\/2020\/02\/wawel_detailPage.jpg","featured_image_src_square":"https:\/\/muzeumpamieci.umk.pl\/wp-content\/uploads\/2020\/02\/wawel_detailPage.jpg","author_info":{"display_name":"Ma\u0142gorzata Wawrzak","author_link":"https:\/\/muzeumpamieci.umk.pl\/?author=7"},"category_info":"<a href=\"https:\/\/muzeumpamieci.umk.pl\/?cat=413\" rel=\"category\">__muzea Krak\u00f3w<\/a>, <a href=\"https:\/\/muzeumpamieci.umk.pl\/?cat=102\" rel=\"category\">Blog<\/a>, <a href=\"https:\/\/muzeumpamieci.umk.pl\/?cat=159\" rel=\"category\">INSTYTUCJE MUZEALNE<\/a>","tags_info":"","social_share_info":"<a data-share=\"facebook\" href=\"https:\/\/www.facebook.com\/sharer.php?u=https:\/\/muzeumpamieci.umk.pl\/?p=5822\" class=\"tb-facebook-share social-share-default tb-social-share\" target=\"_blank\"><i class=\"fab fa-facebook-f\" aria-hidden=\"true\"><\/i><\/a><a data-share=\"twitter\" href=\"https:\/\/twitter.com\/share?url=https:\/\/muzeumpamieci.umk.pl\/?p=5822\" class=\"tb-twiiter-share social-share-default tb-social-share\" target=\"_blank\"><i class=\"fab fa-twitter\" aria-hidden=\"true\"><\/i><\/a><a data-share=\"linkedin\" href=\"https:\/\/www.linkedin.com\/shareArticle?url=https:\/\/muzeumpamieci.umk.pl\/?p=5822\" class=\"tb-linkedin-share social-share-default tb-social-share\" target=\"_blank\"><i class=\"fab fa-linkedin-in\" aria-hidden=\"true\"><\/i><\/a>","wordExcerpt_info":"<p><!-- wp:paragraph --><\/p>\n<p>W 1902 Seweryn Udziela, w porozumieniu z dyrektorem Muzeum Narodowego w Krakowie Feliksem Koper\u0105,&nbsp; z pomoc\u0105 W\u0142odzimierza Tetmajera, Procaj\u0142owicza i Jerzego Warcha\u0142owskiego, zaprezentowa\u0142 w muzeum w\u0142asny zbi\u00f3r etnograficzny. W styczniu 1904 w sali lewego skrzyd\u0142a Sukiennic, tzw. Postrzygalni, otwarto now\u0105 ekspozycj\u0119, na kt\u00f3r\u0105 z\u0142o\u017cy\u0142y si\u0119 przedmioty pochodz\u0105ce zar\u00f3wno z kolekcji Udzieli, licz\u0105cej oko\u0142o dwu tysi\u0119cy obiekt\u00f3w kolekcji, jak i z dar\u00f3w r\u00f3\u017cnych towarzystw, rad powiatowych miast galicyjskich oraz wielu os\u00f3b prywatnych. Dzia\u0142 etnograficzny podzielono na regiony: krakowski, zakopia\u0144ski, litewski, Kr\u00f3lestwa Polskiego,Galicji Wschodniej i teren\u00f3w ruskich. Z powodu braku miejsca ekspozycj\u0119 zlikwidowano.&nbsp;<\/p>\n<p><!-- \/wp:paragraph --><\/p>\n<p><!-- wp:paragraph --><\/p>\n<p>W 1910 wraz z profesorem antropologii na UJ Julianem Talko-Hryncewiczem Udziela za\u0142o\u017cy\u0142 Towarzystwo Muzeum Etnograficznego, skupiaj\u0105ce nauczycieli akademickich i gimnazjalnych, malarzy,adwokat\u00f3w,ksi\u0119\u017cy, lekarzy i urz\u0119dnik\u00f3w. A niespe\u0142na rok p\u00f3\u017aniej, 19 lutego 1911 otwarto dla zwiedzaj\u0105cych Muzeum, mieszcz\u0105ce si\u0119 w 3 niewielkich pokojach przy ul. Studenckiej 9, kt\u00f3re sk\u0142ada\u0142o si\u0119 g\u0142\u00f3wnie ze zbior\u00f3w Udzieli.<\/p>\n<p><!-- \/wp:paragraph --><\/p>\n<p><!-- wp:paragraph --><\/p>\n<p>W skutek nap\u0142ywaj\u0105cych wci\u0105\u017c dar\u00f3w przeznaczone na kolekcj\u0119 lokale okaza\u0142y si\u0119 niewystarczaj\u0105ce, zdecydowano si\u0119 wi\u0119c wykorzysta\u0107 na cele muzealne puste pomieszczenia w mieszcz\u0105cym si\u0119 na Wawelu budynku dawnego seminarium \u015bw. Micha\u0142a, zajmowanym cz\u0119\u015bciowo przez inne instytucje. Ju\u017c w 1913 roku przeniesiono tam cz\u0119\u015b\u0107 zbior\u00f3w.&nbsp;<\/p>\n<p><!-- \/wp:paragraph --><\/p>\n<p><!-- wp:paragraph --><\/p>\n<p>W lutym 1914 roku Sejm Galicyjski uchwali\u0142 przekazanie nowego lokalu Muzeum Etnograficznemu na okres dwudziestu lat, pod warunkiem wyremontowania budynku. Niewielkie \u015brodki pozwala\u0142y na remontowanie i otwieranie kolejnych ekspozycji, prace trwa\u0142y r\u00f3wnie\u017c w czasie I wojny \u015bwiatowej. Ostatnie sale otwarto dla publiczno\u015bci w latach 1920-1921.&nbsp;<\/p>\n<p><!-- \/wp:paragraph --><\/p>\n<p><!-- wp:paragraph --><\/p>\n<p>W 1931 r. Zarz\u0105d Zamku kr\u00f3lewskiego na Wawelu wypowiedzia\u0142 lokal i Towarzystwo do 31 lipca mia\u0142o opu\u015bci\u0107 budynek, kt\u00f3ry systematycznie popada\u0142 w ruin\u0119. Po \u015bmierci Udzieli we wrze\u015bniu 1937 r., dyrektorem Muzeum zosta\u0142 Tadeusz Seweryn, historyk sztuki i artysta malarz, by\u0142y kustosz. W 1938 r. uzyska\u0142 od miasta pa\u0142ac Wo\u0142odkowicz\u00f3w przy ul. Lubicz i po remoncie otworzy\u0142 tam wystaw\u0119 wsi krakowskiej. Po wybuchu wojny cz\u0119\u015b\u0107 eksponat\u00f3w z Wawelu Niemcy przenie\u015bli do Biblioteki Jagiello\u0144skiej,tam dokonali selekcji i ok. 40% wywie\u017ali do muze\u00f3w w Berlinie, Wroc\u0142awiu i Wiedniu. Wi\u0119kszo\u015b\u0107 pozostawionych zbior\u00f3w zdeponowano w budynku PAU przy ul. S\u0142awkowskiej, w dw\u00f3ch salach Muzeum Archeologicznego, opiekowa\u0142 si\u0119 nimi kustosz Roman Reinfuss.&nbsp;&nbsp;&nbsp;<\/p>\n<p><!-- \/wp:paragraph --><\/p>\n<p><!-- wp:paragraph --><\/p>\n<p>27 kwietnia 1945 roku Muzeum przesz\u0142o na w\u0142asno\u015b\u0107 pa\u0144stwa. W 1948 uzyskano zabytkowy gmach ratusza na Kazimierzu, do dzisiaj siedzib\u0119 Muzeum Etnograficznego im. S. Udzieli w Krakowie.<\/p>\n<p><!-- \/wp:paragraph --><\/p>\n<p><!-- wp:image {\"id\":5790} --><\/p>\n<figure class=\"wp-block-image\"><img width=\"851\" height=\"506\" src=\"http:\/\/muzeumpamieci.umk.pl\/wp-content\/uploads\/2020\/02\/wawel_detailPage.jpg\" alt=\"\" class=\"wp-image-5790\" \/><figcaption> Dawna siedziba Muzeum Etnograficznego na Wawelu. Lata 30. XX wieku, \u017ar\u00f3d\u0142o:  Muzeum <a href=\"https:\/\/www.etnomuzeum.eu\/historia\">Etnograficzne w Krakowie <\/a><\/figcaption><\/figure>\n<p><!-- \/wp:image --><\/p>\n<p><!-- wp:paragraph --><\/p>\n<p>Wybrana bibliografia:<\/p>\n<p><!-- \/wp:paragraph --><\/p>\n<p><!-- wp:list --><\/p>\n<ul>\n<li>L. Sawicki, Nowe muzeum etnograficzne na ziemiach polskich, Lud, 1910 r. T.16, s.419-424.<\/li>\n<li>Sprawozdanie Wydzia\u0142u Towarzystwa Muzeum Etnograficznego w Krakowie za rok 1911.<\/li>\n<li>L. Sawicki, <em>Nowe Muzeum Etnograficzne<\/em>, \u201eZiemia\u201d, 1911 nr 10, s. 155-156.<\/li>\n<li>J. Petra\u017cycka Tomicka, <em>Muzeum Etnograficzne na Wawelu<\/em>, Lw\u00f3w 1919.<\/li>\n<li>M. Doli\u0144ska, <a href=\"http:\/\/cyfrowaetnografia.pl\/Content\/4705\/Strony%20od%20LUD2003_t87-7_Dolinska.pdf\">Muzeum Etnograficzne w Krakowie &#8211; wierno\u015b\u0107 tradycji<\/a>, &#8222;Lud&#8221;, t. 87, 2003, s.83-109 <\/li>\n<\/ul>\n<p><!-- \/wp:list --><\/p>\n<p><!-- wp:paragraph --><\/p>\n<p>[mw]<\/p>\n<p><!-- \/wp:paragraph --><\/p>\n","comment_info":"0","_links":{"self":[{"href":"https:\/\/muzeumpamieci.umk.pl\/index.php?rest_route=\/wp\/v2\/posts\/5822","targetHints":{"allow":["GET"]}}],"collection":[{"href":"https:\/\/muzeumpamieci.umk.pl\/index.php?rest_route=\/wp\/v2\/posts"}],"about":[{"href":"https:\/\/muzeumpamieci.umk.pl\/index.php?rest_route=\/wp\/v2\/types\/post"}],"author":[{"embeddable":true,"href":"https:\/\/muzeumpamieci.umk.pl\/index.php?rest_route=\/wp\/v2\/users\/7"}],"replies":[{"embeddable":true,"href":"https:\/\/muzeumpamieci.umk.pl\/index.php?rest_route=%2Fwp%2Fv2%2Fcomments&post=5822"}],"version-history":[{"count":2,"href":"https:\/\/muzeumpamieci.umk.pl\/index.php?rest_route=\/wp\/v2\/posts\/5822\/revisions"}],"predecessor-version":[{"id":5827,"href":"https:\/\/muzeumpamieci.umk.pl\/index.php?rest_route=\/wp\/v2\/posts\/5822\/revisions\/5827"}],"wp:featuredmedia":[{"embeddable":true,"href":"https:\/\/muzeumpamieci.umk.pl\/index.php?rest_route=\/wp\/v2\/media\/5790"}],"wp:attachment":[{"href":"https:\/\/muzeumpamieci.umk.pl\/index.php?rest_route=%2Fwp%2Fv2%2Fmedia&parent=5822"}],"wp:term":[{"taxonomy":"category","embeddable":true,"href":"https:\/\/muzeumpamieci.umk.pl\/index.php?rest_route=%2Fwp%2Fv2%2Fcategories&post=5822"},{"taxonomy":"post_tag","embeddable":true,"href":"https:\/\/muzeumpamieci.umk.pl\/index.php?rest_route=%2Fwp%2Fv2%2Ftags&post=5822"}],"curies":[{"name":"wp","href":"https:\/\/api.w.org\/{rel}","templated":true}]}}