{"id":5599,"date":"2019-11-12T19:57:19","date_gmt":"2019-11-12T18:57:19","guid":{"rendered":"http:\/\/muzeumpamieci.umk.pl\/?p=5599"},"modified":"2020-03-07T12:26:30","modified_gmt":"2020-03-07T11:26:30","slug":"miedzynarodowa-konferencja-naukowa-pt-pamiec-wieloraka-pamieci-muzealne-na-ziemiach-rzeczpospolitej-w-epoce-rozbiorow","status":"publish","type":"post","link":"https:\/\/muzeumpamieci.umk.pl\/?p=5599","title":{"rendered":"Mi\u0119dzynarodowa Konferencja Naukowa &#8222;Pami\u0119\u0107 wieloraka: pami\u0119ci muzealne na ziemiach Rzeczpospolitej w epoce rozbior\u00f3w&#8221;"},"content":{"rendered":"\n<hr class=\"wp-block-separator\"\/>\n\n\n\n<p>Serdecznie zapraszamy na konferencj\u0119 naukow\u0105, kt\u00f3ra odb\u0119dzie si\u0119 w dniach 14-16 listopada br w Sali Konferencyjnej Biblioteki Uniwersytetu Miko\u0142aja Kopernika w Toruniu.  <\/p>\n\n\n\n<p> Trzecia konferencja naukowa w ramach projektu badawczego&nbsp;<em>Muzeum w polskiej kulturze pami\u0119ci (do 1918 r.)<\/em>&nbsp;finansowanego z Narodowego Programu Rozwoju Humanistyki, stanowi\u0107 b\u0119dzie podsumowanie i publiczn\u0105 prezentacj\u0119 jego rezultat\u00f3w tak w tradycyjnej postaci publikacji i referat\u00f3w, jak te\u017c cyfrowej, semantycznej bazy danych instytucji o charakterze muzealnym obj\u0119tych naszymi badaniami. Przede wszystkim wszak b\u0119dzie ona po\u015bwi\u0119cona r\u00f3\u017cnorodno\u015bci, jaka charakteryzowa\u0142a ten obszar kultury \u2013 r\u00f3\u017cnorodno\u015bci form, jakie przybiera\u0142y muzea, zbior\u00f3w i zakres\u00f3w merytorycznych ich dzia\u0142alno\u015bci, realizacji ich misji poprzez budowan\u0105 narracj\u0119, w ko\u0144cu r\u00f3\u017cnorodno\u015bci samych misji, czyli cel\u00f3w, przes\u0142a\u0144.&nbsp; <\/p>\n\n\n\n<p>Szczeg\u00f3\u0142owy program poni\u017cej.<\/p>\n\n\n\n<div class=\"wp-block-file\"><a href=\"http:\/\/muzeumpamieci.umk.pl\/wp-content\/uploads\/2019\/11\/Mi\u0119dzynarodowa-konferencja-naukowa-Pami\u0119\u0107-wieloraka-pami\u0119ci-muzealne-na-ziemiach-Rzeczpospolitej-w-epoce-rozbior\u00f3w-1.pdf\">Program do pobrania:<\/a><a href=\"http:\/\/muzeumpamieci.umk.pl\/wp-content\/uploads\/2019\/11\/Mi\u0119dzynarodowa-konferencja-naukowa-Pami\u0119\u0107-wieloraka-pami\u0119ci-muzealne-na-ziemiach-Rzeczpospolitej-w-epoce-rozbior\u00f3w-1.pdf\" class=\"wp-block-file__button\" download>Pobierz<\/a><\/div>\n\n\n\n\n\n<figure class=\"wp-block-image is-resized\"><img fetchpriority=\"high\" decoding=\"async\" src=\"http:\/\/muzeumpamieci.umk.pl\/wp-content\/uploads\/2019\/11\/Mi\u0119dzynarodowa-konferencja-naukowa-Pami\u0119\u0107-wieloraka-pami\u0119ci-muzealne-na-ziemiach-Rzeczpospolitej-w-epoce-rozbior\u00f3w-1-725x1024.jpg\" alt=\"\" class=\"wp-image-5600\" width=\"725\" height=\"1024\" srcset=\"https:\/\/muzeumpamieci.umk.pl\/wp-content\/uploads\/2019\/11\/Mi\u0119dzynarodowa-konferencja-naukowa-Pami\u0119\u0107-wieloraka-pami\u0119ci-muzealne-na-ziemiach-Rzeczpospolitej-w-epoce-rozbior\u00f3w-1-725x1024.jpg 725w, https:\/\/muzeumpamieci.umk.pl\/wp-content\/uploads\/2019\/11\/Mi\u0119dzynarodowa-konferencja-naukowa-Pami\u0119\u0107-wieloraka-pami\u0119ci-muzealne-na-ziemiach-Rzeczpospolitej-w-epoce-rozbior\u00f3w-1-212x300.jpg 212w, https:\/\/muzeumpamieci.umk.pl\/wp-content\/uploads\/2019\/11\/Mi\u0119dzynarodowa-konferencja-naukowa-Pami\u0119\u0107-wieloraka-pami\u0119ci-muzealne-na-ziemiach-Rzeczpospolitej-w-epoce-rozbior\u00f3w-1-768x1085.jpg 768w, https:\/\/muzeumpamieci.umk.pl\/wp-content\/uploads\/2019\/11\/Mi\u0119dzynarodowa-konferencja-naukowa-Pami\u0119\u0107-wieloraka-pami\u0119ci-muzealne-na-ziemiach-Rzeczpospolitej-w-epoce-rozbior\u00f3w-1-500x707.jpg 500w, https:\/\/muzeumpamieci.umk.pl\/wp-content\/uploads\/2019\/11\/Mi\u0119dzynarodowa-konferencja-naukowa-Pami\u0119\u0107-wieloraka-pami\u0119ci-muzealne-na-ziemiach-Rzeczpospolitej-w-epoce-rozbior\u00f3w-1.jpg 1241w\" sizes=\"(max-width: 725px) 100vw, 725px\" \/><\/figure>\n\n\n\n<figure class=\"wp-block-image is-resized\"><img decoding=\"async\" src=\"http:\/\/muzeumpamieci.umk.pl\/wp-content\/uploads\/2019\/11\/Mi\u0119dzynarodowa-konferencja-naukowa-Pami\u0119\u0107-wieloraka-pami\u0119ci-muzealne-na-ziemiach-Rzeczpospolitej-w-epoce-rozbior\u00f3w-2-725x1024.jpg\" alt=\"\" class=\"wp-image-5601\" width=\"725\" height=\"1024\" srcset=\"https:\/\/muzeumpamieci.umk.pl\/wp-content\/uploads\/2019\/11\/Mi\u0119dzynarodowa-konferencja-naukowa-Pami\u0119\u0107-wieloraka-pami\u0119ci-muzealne-na-ziemiach-Rzeczpospolitej-w-epoce-rozbior\u00f3w-2-725x1024.jpg 725w, https:\/\/muzeumpamieci.umk.pl\/wp-content\/uploads\/2019\/11\/Mi\u0119dzynarodowa-konferencja-naukowa-Pami\u0119\u0107-wieloraka-pami\u0119ci-muzealne-na-ziemiach-Rzeczpospolitej-w-epoce-rozbior\u00f3w-2-212x300.jpg 212w, https:\/\/muzeumpamieci.umk.pl\/wp-content\/uploads\/2019\/11\/Mi\u0119dzynarodowa-konferencja-naukowa-Pami\u0119\u0107-wieloraka-pami\u0119ci-muzealne-na-ziemiach-Rzeczpospolitej-w-epoce-rozbior\u00f3w-2-768x1085.jpg 768w, https:\/\/muzeumpamieci.umk.pl\/wp-content\/uploads\/2019\/11\/Mi\u0119dzynarodowa-konferencja-naukowa-Pami\u0119\u0107-wieloraka-pami\u0119ci-muzealne-na-ziemiach-Rzeczpospolitej-w-epoce-rozbior\u00f3w-2-500x707.jpg 500w, https:\/\/muzeumpamieci.umk.pl\/wp-content\/uploads\/2019\/11\/Mi\u0119dzynarodowa-konferencja-naukowa-Pami\u0119\u0107-wieloraka-pami\u0119ci-muzealne-na-ziemiach-Rzeczpospolitej-w-epoce-rozbior\u00f3w-2.jpg 1241w\" sizes=\"(max-width: 725px) 100vw, 725px\" \/><\/figure>\n","protected":false},"excerpt":{"rendered":"<p>Serdecznie zapraszamy na konferencj\u0119 naukow\u0105, kt\u00f3ra odb\u0119dzie si\u0119 w dniach 14-16 listopada br w Sali Konferencyjnej Biblioteki Uniwersytetu Miko\u0142aja Kopernika w Toruniu. Trzecia konferencja naukowa w ramach projektu badawczego&nbsp;Muzeum w polskiej kulturze pami\u0119ci (do 1918 r.)&nbsp;finansowanego z Narodowego Programu Rozwoju Humanistyki, stanowi\u0107 b\u0119dzie podsumowanie i publiczn\u0105 prezentacj\u0119 jego rezultat\u00f3w tak w tradycyjnej postaci publikacji i&hellip; <\/p>\n","protected":false},"author":3,"featured_media":5603,"comment_status":"open","ping_status":"open","sticky":false,"template":"","format":"standard","meta":{"footnotes":""},"categories":[6,43],"tags":[],"class_list":["post-5599","post","type-post","status-publish","format-standard","has-post-thumbnail","hentry","category-aktualnosci","category-wydarzenia"],"aioseo_notices":[],"featured_image_src":"https:\/\/muzeumpamieci.umk.pl\/wp-content\/uploads\/2019\/11\/xx.jpg","featured_image_src_square":"https:\/\/muzeumpamieci.umk.pl\/wp-content\/uploads\/2019\/11\/xx.jpg","author_info":{"display_name":"Aldona To\u0142ysz","author_link":"https:\/\/muzeumpamieci.umk.pl\/?author=3"},"category_info":"<a href=\"https:\/\/muzeumpamieci.umk.pl\/?cat=6\" rel=\"category\">Aktualno\u015bci<\/a>, <a href=\"https:\/\/muzeumpamieci.umk.pl\/?cat=43\" rel=\"category\">Wydarzenia<\/a>","tags_info":"","social_share_info":"<a data-share=\"facebook\" href=\"https:\/\/www.facebook.com\/sharer.php?u=https:\/\/muzeumpamieci.umk.pl\/?p=5599\" class=\"tb-facebook-share social-share-default tb-social-share\" target=\"_blank\"><i class=\"fab fa-facebook-f\" aria-hidden=\"true\"><\/i><\/a><a data-share=\"twitter\" href=\"https:\/\/twitter.com\/share?url=https:\/\/muzeumpamieci.umk.pl\/?p=5599\" class=\"tb-twiiter-share social-share-default tb-social-share\" target=\"_blank\"><i class=\"fab fa-twitter\" aria-hidden=\"true\"><\/i><\/a><a data-share=\"linkedin\" href=\"https:\/\/www.linkedin.com\/shareArticle?url=https:\/\/muzeumpamieci.umk.pl\/?p=5599\" class=\"tb-linkedin-share social-share-default tb-social-share\" target=\"_blank\"><i class=\"fab fa-linkedin-in\" aria-hidden=\"true\"><\/i><\/a>","wordExcerpt_info":"<p><!-- wp:separator --><\/p>\n<hr class=\"wp-block-separator\" \/>\n<!-- \/wp:separator --><\/p>\n<p><!-- wp:paragraph --><\/p>\n<p>Serdecznie zapraszamy na konferencj\u0119 naukow\u0105, kt\u00f3ra odb\u0119dzie si\u0119 w dniach 14-16 listopada br w Sali Konferencyjnej Biblioteki Uniwersytetu Miko\u0142aja Kopernika w Toruniu.  <\/p>\n<p><!-- \/wp:paragraph --><\/p>\n<p><!-- wp:paragraph --><\/p>\n<p> Trzecia konferencja naukowa w ramach projektu badawczego&nbsp;<em>Muzeum w polskiej kulturze pami\u0119ci (do 1918 r.)<\/em>&nbsp;finansowanego z Narodowego Programu Rozwoju Humanistyki, stanowi\u0107 b\u0119dzie podsumowanie i publiczn\u0105 prezentacj\u0119 jego rezultat\u00f3w tak w tradycyjnej postaci publikacji i referat\u00f3w, jak te\u017c cyfrowej, semantycznej bazy danych instytucji o charakterze muzealnym obj\u0119tych naszymi badaniami. Przede wszystkim wszak b\u0119dzie ona po\u015bwi\u0119cona r\u00f3\u017cnorodno\u015bci, jaka charakteryzowa\u0142a ten obszar kultury \u2013 r\u00f3\u017cnorodno\u015bci form, jakie przybiera\u0142y muzea, zbior\u00f3w i zakres\u00f3w merytorycznych ich dzia\u0142alno\u015bci, realizacji ich misji poprzez budowan\u0105 narracj\u0119, w ko\u0144cu r\u00f3\u017cnorodno\u015bci samych misji, czyli cel\u00f3w, przes\u0142a\u0144.&nbsp; <\/p>\n<p><!-- \/wp:paragraph --><\/p>\n<p><!-- wp:paragraph --><\/p>\n<p>Szczeg\u00f3\u0142owy program poni\u017cej.<\/p>\n<p><!-- \/wp:paragraph --><\/p>\n<p><!-- wp:file {\"id\":5613,\"href\":\"http:\/\/muzeumpamieci.umk.pl\/wp-content\/uploads\/2019\/11\/Mi\u0119dzynarodowa-konferencja-naukowa-Pami\u0119\u0107-wieloraka-pami\u0119ci-muzealne-na-ziemiach-Rzeczpospolitej-w-epoce-rozbior\u00f3w-1.pdf\"} --><\/p>\n<div class=\"wp-block-file\"><a href=\"http:\/\/muzeumpamieci.umk.pl\/wp-content\/uploads\/2019\/11\/Mi\u0119dzynarodowa-konferencja-naukowa-Pami\u0119\u0107-wieloraka-pami\u0119ci-muzealne-na-ziemiach-Rzeczpospolitej-w-epoce-rozbior\u00f3w-1.pdf\">Program do pobrania:<\/a><a href=\"http:\/\/muzeumpamieci.umk.pl\/wp-content\/uploads\/2019\/11\/Mi\u0119dzynarodowa-konferencja-naukowa-Pami\u0119\u0107-wieloraka-pami\u0119ci-muzealne-na-ziemiach-Rzeczpospolitej-w-epoce-rozbior\u00f3w-1.pdf\" class=\"wp-block-file__button\" download>Pobierz<\/a><\/div>\n<p><!-- \/wp:file --><\/p>\n<p><!-- wp:file \/--><\/p>\n<p><!-- wp:image {\"id\":5600,\"width\":725,\"height\":1024} --><\/p>\n<figure class=\"wp-block-image is-resized\"><img src=\"http:\/\/muzeumpamieci.umk.pl\/wp-content\/uploads\/2019\/11\/Mi\u0119dzynarodowa-konferencja-naukowa-Pami\u0119\u0107-wieloraka-pami\u0119ci-muzealne-na-ziemiach-Rzeczpospolitej-w-epoce-rozbior\u00f3w-1-725x1024.jpg\" alt=\"\" class=\"wp-image-5600\" width=\"725\" height=\"1024\" \/><\/figure>\n<p><!-- \/wp:image --><\/p>\n<p><!-- wp:image {\"id\":5601,\"width\":725,\"height\":1024} --><\/p>\n<figure class=\"wp-block-image is-resized\"><img src=\"http:\/\/muzeumpamieci.umk.pl\/wp-content\/uploads\/2019\/11\/Mi\u0119dzynarodowa-konferencja-naukowa-Pami\u0119\u0107-wieloraka-pami\u0119ci-muzealne-na-ziemiach-Rzeczpospolitej-w-epoce-rozbior\u00f3w-2-725x1024.jpg\" alt=\"\" class=\"wp-image-5601\" width=\"725\" height=\"1024\" \/><\/figure>\n<p><!-- \/wp:image --><\/p>\n","comment_info":"0","_links":{"self":[{"href":"https:\/\/muzeumpamieci.umk.pl\/index.php?rest_route=\/wp\/v2\/posts\/5599","targetHints":{"allow":["GET"]}}],"collection":[{"href":"https:\/\/muzeumpamieci.umk.pl\/index.php?rest_route=\/wp\/v2\/posts"}],"about":[{"href":"https:\/\/muzeumpamieci.umk.pl\/index.php?rest_route=\/wp\/v2\/types\/post"}],"author":[{"embeddable":true,"href":"https:\/\/muzeumpamieci.umk.pl\/index.php?rest_route=\/wp\/v2\/users\/3"}],"replies":[{"embeddable":true,"href":"https:\/\/muzeumpamieci.umk.pl\/index.php?rest_route=%2Fwp%2Fv2%2Fcomments&post=5599"}],"version-history":[{"count":4,"href":"https:\/\/muzeumpamieci.umk.pl\/index.php?rest_route=\/wp\/v2\/posts\/5599\/revisions"}],"predecessor-version":[{"id":5614,"href":"https:\/\/muzeumpamieci.umk.pl\/index.php?rest_route=\/wp\/v2\/posts\/5599\/revisions\/5614"}],"wp:featuredmedia":[{"embeddable":true,"href":"https:\/\/muzeumpamieci.umk.pl\/index.php?rest_route=\/wp\/v2\/media\/5603"}],"wp:attachment":[{"href":"https:\/\/muzeumpamieci.umk.pl\/index.php?rest_route=%2Fwp%2Fv2%2Fmedia&parent=5599"}],"wp:term":[{"taxonomy":"category","embeddable":true,"href":"https:\/\/muzeumpamieci.umk.pl\/index.php?rest_route=%2Fwp%2Fv2%2Fcategories&post=5599"},{"taxonomy":"post_tag","embeddable":true,"href":"https:\/\/muzeumpamieci.umk.pl\/index.php?rest_route=%2Fwp%2Fv2%2Ftags&post=5599"}],"curies":[{"name":"wp","href":"https:\/\/api.w.org\/{rel}","templated":true}]}}