{"id":4601,"date":"2019-04-05T08:09:44","date_gmt":"2019-04-05T06:09:44","guid":{"rendered":"http:\/\/muzeumpamieci.umk.pl\/?p=4601"},"modified":"2020-03-07T22:03:23","modified_gmt":"2020-03-07T21:03:23","slug":"pro-fide-et-patria-kolekcja-branickich-w-suchej%ef%bb%bf","status":"publish","type":"post","link":"https:\/\/muzeumpamieci.umk.pl\/?p=4601","title":{"rendered":"Pro fide et patria. Kolekcja Branickich w Suchej\ufeff"},"content":{"rendered":"\n<p>W\u0142a\u015bciciel\nd\u00f3br na Ukrainie Aleksander Branicki (1821-1877) naby\u0142 w\n1843 roku renesansowy zamek w Suchej, nale\u017c\u0105cy wcze\u015bniej do Jana Kantego\nWielopolskiego. Dzi\u0119ki sprawnemu zarz\u0105dzaniu suska posiad\u0142o\u015b\u0107 sta\u0142a si\u0119 w 2 po\u0142.\nXIX wieku jedn\u0105 z nowocze\u015bniej prowadzonych na terenie Galicji. Najwi\u0119cej s\u0142awy\njednak, przynios\u0142a suskiemu zamkowi muzealno-biblioteczna kolekcja za\u0142o\u017cona tu\nprzez Branickiego, cz\u0142owieka o wszechstronnych zainteresowaniach i gor\u0105cego\npatriot\u0119. <\/p>\n\n\n\n<div class=\"wp-block-image\"><figure class=\"alignright is-resized\"><img fetchpriority=\"high\" decoding=\"async\" src=\"http:\/\/muzeumpamieci.umk.pl\/wp-content\/uploads\/2019\/04\/Aleksander_Branicki_Autoportret.jpg\" alt=\"\" class=\"wp-image-4602\" width=\"313\" height=\"351\" srcset=\"https:\/\/muzeumpamieci.umk.pl\/wp-content\/uploads\/2019\/04\/Aleksander_Branicki_Autoportret.jpg 576w, https:\/\/muzeumpamieci.umk.pl\/wp-content\/uploads\/2019\/04\/Aleksander_Branicki_Autoportret-267x300.jpg 267w, https:\/\/muzeumpamieci.umk.pl\/wp-content\/uploads\/2019\/04\/Aleksander_Branicki_Autoportret-500x561.jpg 500w\" sizes=\"(max-width: 313px) 100vw, 313px\" \/><figcaption> Aleksander Branicki, Autoportret w pracowni, ok. 1855, \u017ar\u00f3d\u0142o: <a href=\"https:\/\/pl.wikipedia.org\/wiki\/Aleksander_Branicki#\/media\/File:Aleksander_Branicki,_Autoportret.jpg\">Wikipedia <\/a><\/figcaption><\/figure><\/div>\n\n\n\n<p>Zainteresowany\nnaukami przyrodniczymi Aleksander Branicki wspiera\u0142 finansowo badania naukowe\nplac\u00f3wek przyrodniczych, sam zak\u0142ada\u0142 ogrody botaniczne. Wiele podr\u00f3\u017cowa\u0142, np.\ndo Turcji, Egiptu, Syrii i Ziemi \u015awi\u0119tej, Algierii i Nubii, sk\u0105d przywozi\u0142\nciekawe okazy botaniczne, z czego wi\u0119kszo\u015b\u0107 ofiarowa\u0142 do warszawskiego Gabinetu\nZoologicznego. <\/p>\n\n\n\n<p>Branicki sprowadza\u0142, do suskiego zamku,\ndzie\u0142a sztuki ze swych ukrai\u0144skich w\u0142o\u015bci \u2013 obrazy i rze\u017aby, porcelan\u0119, tkaniny\ni bro\u0144. Od 1866 roku zacz\u0105\u0142, g\u0142\u00f3wnie drog\u0105 zakup\u00f3w, gromadzi\u0107 zbiory\nbibliofilskie, naby\u0142 m. in. bibliotek\u0119 o charakterze historyczno-literackim\nAndrzeja Edwarda Ko\u017amiana z Piotrowic, cenne druki i r\u0119kopisy ze zbior\u00f3w\nbiblioteki wilanowskiej Potockich, biblioteki pu\u0142awskiej, ze zbior\u00f3w J. A.\nZa\u0142uskiego, Dzieduszyckich, Micha\u0142a Hieronima Juszy\u0144skiego i Jana Tarnowskiego,\nzdoby\u0142 cenne autografy od Adama Honorego Kirkora, monety i medale oraz\ndokumenty papierowe i pergaminowe z XIV\u2013XVII wieku od Feliksa Weso\u0142owskiego z\nWarszawy, ksi\u0119gozbi\u00f3r o tematyce historycznej ksi\u0119dza Franciszka Ksawerego\nCiesielskiego i jego brata Aleksandra oraz znakomity ksi\u0119gozbi\u00f3r Karola\n\u0141askiego. W 1869 roku swoje zbiory powi\u0119kszy\u0142 o cenn\u0105 kolekcj\u0119 rysunk\u00f3w i rycin\nJ\u00f3zefa Ignacego Kraszewskiego. W organizacji biblioteki pomaga\u0142a Aleksandrowi\nBranickiemu \u017cona \u2013 Anna z Ho\u0142y\u0144skich, kt\u00f3ra wnios\u0142a do zbior\u00f3w w\u0142asn\u0105 du\u017c\u0105\nkolekcj\u0119 muzykali\u00f3w. <\/p>\n\n\n\n<p>Kolekcj\u0105\nKraszewskiego opiekowa\u0142 si\u0119 bibliotekarz, doktor filozofii Franciszek Kandyd\nNowakowski, kt\u00f3ry u\u0142o\u017cy\u0142 j\u0105 wed\u0142ug drukowanego katalogu Kraszewskiego z 1865\nroku <em>Catalogue d\u2019une Collection Iconographique Polonaise, compos\u00e9e des dessins\noriginaux, gravures, xylographies, lithographies, illustrant l\u2019histoire, la\ng\u00e9ographie, antiquit\u00e9s, costumes, moeurs, armes, meubles etc. de l\u2019ancienne\nPologne, de ses provinces et pays limitrophes.<\/em>&nbsp;&nbsp; <\/p>\n\n\n\n<ul class=\"wp-block-gallery columns-2 is-cropped wp-block-gallery-1 is-layout-flex wp-block-gallery-is-layout-flex\"><li class=\"blocks-gallery-item\"><figure><img decoding=\"async\" width=\"154\" height=\"240\" src=\"http:\/\/muzeumpamieci.umk.pl\/wp-content\/uploads\/2019\/04\/Biblioteka_Branickich.jpg\" alt=\"\" data-id=\"4604\" class=\"wp-image-4604\"\/><figcaption>Biblioteka Branickich<\/figcaption><\/figure><\/li><li class=\"blocks-gallery-item\"><figure><img decoding=\"async\" width=\"497\" height=\"712\" src=\"http:\/\/muzeumpamieci.umk.pl\/wp-content\/uploads\/2019\/04\/\u017bmigrodzki.png\" alt=\"\" data-id=\"4605\" data-link=\"http:\/\/muzeumpamieci.umk.pl\/?attachment_id=4605\" class=\"wp-image-4605\" srcset=\"https:\/\/muzeumpamieci.umk.pl\/wp-content\/uploads\/2019\/04\/\u017bmigrodzki.png 497w, https:\/\/muzeumpamieci.umk.pl\/wp-content\/uploads\/2019\/04\/\u017bmigrodzki-209x300.png 209w\" sizes=\"(max-width: 497px) 100vw, 497px\" \/><figcaption> ilustracja \u017bmigrodzkiego z zasob\u00f3w Muzeum Miejskie w Suchej Beskidzkiej <\/figcaption><\/figure><\/li><\/ul>\n\n\n\n<p>Po \u015bmierci Nowakowskiego, W\u0142adys\u0142aw Branicki (1848-1914), jedyny syn Aleksandra i Anny, posad\u0119 bibliotekarza i kustosza zbior\u00f3w powierzy\u0142 13 lipca 1882 roku, znanemu historykowi sztuki, filozofowi i etnografowi dr. Micha\u0142owi \u017bmigrodzkiemu, kt\u00f3ry funkcje t\u0119 pe\u0142ni\u0142 przez niemal 37 lat, mieszkaj\u0105c do ko\u0144ca swoich dni w Suchej. Szczeg\u00f3ln\u0105 trosk\u0105 i opiek\u0105 otacza\u0142 \u017bmigrodzki bezcenne zbiory Kraszewskiego \u2013 licz\u0105c\u0105 ponad 6999 pozycji (\u017bmigrodzki podaje 15000 sztuk)&nbsp; kolekcj\u0119 zawieraj\u0105c\u0105 m. in.&nbsp;&nbsp; ksi\u0119gi, malarstwo, grafik\u0119, litografi\u0119, g\u0142\u00f3wnie polskich artyst\u00f3w (m. in. Or\u0142owskiego, Czechowicza, Norblina, Chodowieckiego, Smuglewicza), kt\u00f3ra cieszy\u0142a si\u0119 najwi\u0119ksz\u0105 popularno\u015bci\u0105 w\u015br\u00f3d zwiedzaj\u0105cych bibliotek\u0119 naukowc\u00f3w. Uporz\u0105dkowa\u0142 j\u0105, niemal w pe\u0142ni opracowa\u0142 i zapisa\u0142 w zachowanej do dzisiaj ksi\u0119dze inwentarzowej. \u017bmigrodzki r\u00f3wnie\u017c sam poszerza\u0142 zasoby biblioteki, pozyskuj\u0105c nowe pozycje podczas swoich krajowych zagranicznych podr\u00f3\u017cy. <\/p>\n\n\n\n<div class=\"wp-block-image\"><figure class=\"alignleft is-resized\"><img loading=\"lazy\" decoding=\"async\" src=\"http:\/\/muzeumpamieci.umk.pl\/wp-content\/uploads\/2019\/04\/W\u0142adys\u0142aw-Branicki.jpg\" alt=\"\" class=\"wp-image-4603\" width=\"146\" height=\"191\" srcset=\"https:\/\/muzeumpamieci.umk.pl\/wp-content\/uploads\/2019\/04\/W\u0142adys\u0142aw-Branicki.jpg 384w, https:\/\/muzeumpamieci.umk.pl\/wp-content\/uploads\/2019\/04\/W\u0142adys\u0142aw-Branicki-229x300.jpg 229w\" sizes=\"(max-width: 146px) 100vw, 146px\" \/><figcaption>W\u0142adys\u0142aw Branicki, \u017ar\u00f3d\u0142o: <a href=\"http:\/\/www.rodtarnowski.com\/gene\/fam01402.html\">R\u00f3d Tarnowski<\/a><\/figcaption><\/figure><\/div>\n\n\n\n<p>W\u0142adys\u0142aw Branicki wzbogaci\u0142 zbiory o pami\u0105tki historyczne i dzie\u0142a sztuki, cenne r\u0119kopisy i archiwalia, powi\u0119kszy\u0142 kolekcj\u0119 ikonograficzn\u0105 i numizmatyczn\u0105 ojca. Do zamku w Suchej w 1879 roku trafi\u0142 ksi\u0119gozbi\u00f3r wolnomularstwa Hipolita Skimborowicza, w 1881 zbiory Adama Mieleszko-Maliszkiewicza z \u017bytomierza na Wo\u0142yniu oraz antykwaryczne zasoby Jakuba i Stanis\u0142awa Gieysztor\u00f3w. W\u0142adys\u0142aw Branicki bra\u0142 aktywny udzia\u0142 w aukcjach dzie\u0142 sztuki, nabywaj\u0105c mi\u0119dzy innymi obrazy ze zbior\u00f3w Mniszch\u00f3w z Wi\u015bniowca, kt\u00f3ry podarowa\u0142 je nast\u0119pnie Muzeum Narodowemu w Krakowie. Swoje bogate zbiory udost\u0119pniali Braniccy w celach naukowych oraz ch\u0119tnym do ich zwiedzania, organizowali r\u00f3wnie\u017c odczyty i wystawy. Woluminy pochodz\u0105ce z biblioteki zaopatrzone by\u0142y w ekslibris przedstawiaj\u0105cy herb Branickich \u2013 Korczak oraz \u0142aci\u0144sk\u0105 dewiz\u0119 <em>Pro fide et patria<\/em>. <\/p>\n\n\n\n<p>Po\n\u015bmierci W\u0142adys\u0142awa Branickiego w 1914 roku, dziedziczk\u0105 na suskim zamku zosta\u0142a\njego c\u00f3rka Anna z Branickich Tarnowska a nast\u0119pnie w 1932 roku dobra przej\u0105\u0142\nsyn Anny i hr Juliusza Tarnowskiego, junior Juliusz Tarnowski. Otoczy\u0142 zamek i\nbibliotek\u0119 starann\u0105 opiek\u0105, organizowa\u0142 sale wystawiennicze, w kt\u00f3rych\neksponowano wybrane fragmenty kolekcji. Powi\u0119kszy\u0142 kolekcj\u0119 obraz\u00f3w, znalaz\u0142y\nsi\u0119 tu m. in. dzie\u0142a malarstwa w\u0142oskiego, niderlandzkiego, niemieckiego i\nhiszpa\u0144skiego od XVI do XIX wieku, z Romanowa na Wo\u0142yniu, ze zbior\u00f3w Steckich,\nz rodzinnej kolekcji \u017cony Juliusza \u2013 R\u00f3\u017cy z Zamoyskich. W 1939 roku, na polecenie\nJuliusza Tarnowskiego kolekcja grafiki i rysunku zosta\u0142a wywieziona do\nMi\u0119dzyrzeca Podlaskiego. <\/p>\n\n\n\n<p>W\nczasie II wojny \u015bwiatowej Niemcy skonfiskowali i wywie\u017ali z zamku w Suchej du\u017c\u0105\nliczb\u0119 zabytkowych przedmiot\u00f3w, rze\u017ab i obraz\u00f3w, z biblioteki za\u015b utworzyli\nplac\u00f3wk\u0119, w kt\u00f3rej dokonali selekcji literatury i cz\u0119\u015b\u0107 ksi\u0119gozbioru wys\u0142ali na\nprzemia\u0142. <\/p>\n\n\n\n<p>Po\nwojnie pozosta\u0142o\u015bci ze zbior\u00f3w biblioteki Branickich trafi\u0142y do bibliotek i\nmuze\u00f3w w Warszawie, Krakowie, Wroc\u0142awiu i Gda\u0144sku. <\/p>\n\n\n\n<figure class=\"wp-block-image\"><img loading=\"lazy\" decoding=\"async\" width=\"649\" height=\"447\" src=\"http:\/\/muzeumpamieci.umk.pl\/wp-content\/uploads\/2019\/04\/zamek-w-Suchej-beskidzkiej.jpg\" alt=\"\" class=\"wp-image-4606\" srcset=\"https:\/\/muzeumpamieci.umk.pl\/wp-content\/uploads\/2019\/04\/zamek-w-Suchej-beskidzkiej.jpg 649w, https:\/\/muzeumpamieci.umk.pl\/wp-content\/uploads\/2019\/04\/zamek-w-Suchej-beskidzkiej-300x207.jpg 300w, https:\/\/muzeumpamieci.umk.pl\/wp-content\/uploads\/2019\/04\/zamek-w-Suchej-beskidzkiej-500x344.jpg 500w\" sizes=\"(max-width: 649px) 100vw, 649px\" \/><figcaption> <br>Zamek w Suchej Beskidzkiej (Zamek Suski) , poczt\u00f3wka, ok. 1906, \u017ar\u00f3d\u0142o: Biblioteka Narodowa <a href=\"https:\/\/polona.pl\/archive?uid=70972719&amp;cid=71189785&amp;name=download_fullJPG\">POLONA<\/a><\/figcaption><\/figure>\n\n\n\n<p>Bibliografia:<\/p>\n\n\n\n<ul class=\"wp-block-list\"><li>M. \u017bmigrodzki, Biblioteka Branickich w Suchej, \u201eCzas\u201d 22 marca 1918.<\/li><li>A. Birkenmajer: <em>Encyklopedia Wiedzy o Ksi\u0105\u017cce<\/em>. Wroc\u0142aw: Ossolineum, 1971.<\/li><li>H. Ma\u0142ysiak, <em>Biblioteka Branickich i Tarnowskich w Suchej<\/em>, Bielsko-Bia\u0142a 1986.<\/li><li>B. Bie\u0144kowska: <em>Ksi\u0105\u017cka na przestrzeni dziej\u00f3w<\/em>. Warszawa 2005.<\/li><li>M. Le\u015bniakiewicz, Panowie suskiego zamku, Sucha Beskidzka 2017.<\/li><\/ul>\n\n\n\n<p style=\"text-align:right\">[mw]<\/p>\n","protected":false},"excerpt":{"rendered":"<p>W\u0142a\u015bciciel d\u00f3br na Ukrainie Aleksander Branicki (1821-1877) naby\u0142 w 1843 roku renesansowy zamek w Suchej, nale\u017c\u0105cy wcze\u015bniej do Jana Kantego Wielopolskiego. Dzi\u0119ki sprawnemu zarz\u0105dzaniu suska posiad\u0142o\u015b\u0107 sta\u0142a si\u0119 w 2 po\u0142. XIX wieku jedn\u0105 z nowocze\u015bniej prowadzonych na terenie Galicji. Najwi\u0119cej s\u0142awy jednak, przynios\u0142a suskiemu zamkowi muzealno-biblioteczna kolekcja za\u0142o\u017cona tu przez Branickiego, cz\u0142owieka o wszechstronnych&hellip; <\/p>\n","protected":false},"author":7,"featured_media":4606,"comment_status":"open","ping_status":"open","sticky":false,"template":"","format":"standard","meta":{"footnotes":""},"categories":[157],"tags":[],"class_list":["post-4601","post","type-post","status-publish","format-standard","has-post-thumbnail","hentry","category-kolekcje-prywatne"],"aioseo_notices":[],"featured_image_src":"https:\/\/muzeumpamieci.umk.pl\/wp-content\/uploads\/2019\/04\/zamek-w-Suchej-beskidzkiej.jpg","featured_image_src_square":"https:\/\/muzeumpamieci.umk.pl\/wp-content\/uploads\/2019\/04\/zamek-w-Suchej-beskidzkiej.jpg","author_info":{"display_name":"Ma\u0142gorzata Wawrzak","author_link":"https:\/\/muzeumpamieci.umk.pl\/?author=7"},"category_info":"<a href=\"https:\/\/muzeumpamieci.umk.pl\/?cat=157\" rel=\"category\">KOLEKCJE PRYWATNE<\/a>","tags_info":"","social_share_info":"<a data-share=\"facebook\" href=\"https:\/\/www.facebook.com\/sharer.php?u=https:\/\/muzeumpamieci.umk.pl\/?p=4601\" class=\"tb-facebook-share social-share-default tb-social-share\" target=\"_blank\"><i class=\"fab fa-facebook-f\" aria-hidden=\"true\"><\/i><\/a><a data-share=\"twitter\" href=\"https:\/\/twitter.com\/share?url=https:\/\/muzeumpamieci.umk.pl\/?p=4601\" class=\"tb-twiiter-share social-share-default tb-social-share\" target=\"_blank\"><i class=\"fab fa-twitter\" aria-hidden=\"true\"><\/i><\/a><a data-share=\"linkedin\" href=\"https:\/\/www.linkedin.com\/shareArticle?url=https:\/\/muzeumpamieci.umk.pl\/?p=4601\" class=\"tb-linkedin-share social-share-default tb-social-share\" target=\"_blank\"><i class=\"fab fa-linkedin-in\" aria-hidden=\"true\"><\/i><\/a>","wordExcerpt_info":"<p><!-- wp:paragraph --><\/p>\n<p>W\u0142a\u015bciciel<br \/>\nd\u00f3br na Ukrainie Aleksander Branicki (1821-1877) naby\u0142 w<br \/>\n1843 roku renesansowy zamek w Suchej, nale\u017c\u0105cy wcze\u015bniej do Jana Kantego<br \/>\nWielopolskiego. Dzi\u0119ki sprawnemu zarz\u0105dzaniu suska posiad\u0142o\u015b\u0107 sta\u0142a si\u0119 w 2 po\u0142.<br \/>\nXIX wieku jedn\u0105 z nowocze\u015bniej prowadzonych na terenie Galicji. Najwi\u0119cej s\u0142awy<br \/>\njednak, przynios\u0142a suskiemu zamkowi muzealno-biblioteczna kolekcja za\u0142o\u017cona tu<br \/>\nprzez Branickiego, cz\u0142owieka o wszechstronnych zainteresowaniach i gor\u0105cego<br \/>\npatriot\u0119. <\/p>\n<p><!-- \/wp:paragraph --><\/p>\n<p><!-- wp:image {\"id\":4602,\"align\":\"right\",\"width\":313,\"height\":351} --><\/p>\n<div class=\"wp-block-image\">\n<figure class=\"alignright is-resized\"><img src=\"http:\/\/muzeumpamieci.umk.pl\/wp-content\/uploads\/2019\/04\/Aleksander_Branicki_Autoportret.jpg\" alt=\"\" class=\"wp-image-4602\" width=\"313\" height=\"351\" \/><figcaption> Aleksander Branicki, Autoportret w pracowni, ok. 1855, \u017ar\u00f3d\u0142o: <a href=\"https:\/\/pl.wikipedia.org\/wiki\/Aleksander_Branicki#\/media\/File:Aleksander_Branicki,_Autoportret.jpg\">Wikipedia <\/a><\/figcaption><\/figure>\n<\/div>\n<p><!-- \/wp:image --><\/p>\n<p><!-- wp:paragraph --><\/p>\n<p>Zainteresowany<br \/>\nnaukami przyrodniczymi Aleksander Branicki wspiera\u0142 finansowo badania naukowe<br \/>\nplac\u00f3wek przyrodniczych, sam zak\u0142ada\u0142 ogrody botaniczne. Wiele podr\u00f3\u017cowa\u0142, np.<br \/>\ndo Turcji, Egiptu, Syrii i Ziemi \u015awi\u0119tej, Algierii i Nubii, sk\u0105d przywozi\u0142<br \/>\nciekawe okazy botaniczne, z czego wi\u0119kszo\u015b\u0107 ofiarowa\u0142 do warszawskiego Gabinetu<br \/>\nZoologicznego. <\/p>\n<p><!-- \/wp:paragraph --><\/p>\n<p><!-- wp:paragraph --><\/p>\n<p>Branicki sprowadza\u0142, do suskiego zamku,<br \/>\ndzie\u0142a sztuki ze swych ukrai\u0144skich w\u0142o\u015bci \u2013 obrazy i rze\u017aby, porcelan\u0119, tkaniny<br \/>\ni bro\u0144. Od 1866 roku zacz\u0105\u0142, g\u0142\u00f3wnie drog\u0105 zakup\u00f3w, gromadzi\u0107 zbiory<br \/>\nbibliofilskie, naby\u0142 m. in. bibliotek\u0119 o charakterze historyczno-literackim<br \/>\nAndrzeja Edwarda Ko\u017amiana z Piotrowic, cenne druki i r\u0119kopisy ze zbior\u00f3w<br \/>\nbiblioteki wilanowskiej Potockich, biblioteki pu\u0142awskiej, ze zbior\u00f3w J. A.<br \/>\nZa\u0142uskiego, Dzieduszyckich, Micha\u0142a Hieronima Juszy\u0144skiego i Jana Tarnowskiego,<br \/>\nzdoby\u0142 cenne autografy od Adama Honorego Kirkora, monety i medale oraz<br \/>\ndokumenty papierowe i pergaminowe z XIV\u2013XVII wieku od Feliksa Weso\u0142owskiego z<br \/>\nWarszawy, ksi\u0119gozbi\u00f3r o tematyce historycznej ksi\u0119dza Franciszka Ksawerego<br \/>\nCiesielskiego i jego brata Aleksandra oraz znakomity ksi\u0119gozbi\u00f3r Karola<br \/>\n\u0141askiego. W 1869 roku swoje zbiory powi\u0119kszy\u0142 o cenn\u0105 kolekcj\u0119 rysunk\u00f3w i rycin<br \/>\nJ\u00f3zefa Ignacego Kraszewskiego. W organizacji biblioteki pomaga\u0142a Aleksandrowi<br \/>\nBranickiemu \u017cona \u2013 Anna z Ho\u0142y\u0144skich, kt\u00f3ra wnios\u0142a do zbior\u00f3w w\u0142asn\u0105 du\u017c\u0105<br \/>\nkolekcj\u0119 muzykali\u00f3w. <\/p>\n<p><!-- \/wp:paragraph --><\/p>\n<p><!-- wp:paragraph --><\/p>\n<p>Kolekcj\u0105<br \/>\nKraszewskiego opiekowa\u0142 si\u0119 bibliotekarz, doktor filozofii Franciszek Kandyd<br \/>\nNowakowski, kt\u00f3ry u\u0142o\u017cy\u0142 j\u0105 wed\u0142ug drukowanego katalogu Kraszewskiego z 1865<br \/>\nroku <em>Catalogue d\u2019une Collection Iconographique Polonaise, compos\u00e9e des dessins<br \/>\noriginaux, gravures, xylographies, lithographies, illustrant l\u2019histoire, la<br \/>\ng\u00e9ographie, antiquit\u00e9s, costumes, moeurs, armes, meubles etc. de l\u2019ancienne<br \/>\nPologne, de ses provinces et pays limitrophes.<\/em>&nbsp;&nbsp; <\/p>\n<p><!-- \/wp:paragraph --><\/p>\n<p><!-- wp:gallery {\"ids\":[4604,4605]} --><\/p>\n<ul class=\"wp-block-gallery columns-2 is-cropped\">\n<li class=\"blocks-gallery-item\">\n<figure><img width=\"154\" height=\"240\" src=\"http:\/\/muzeumpamieci.umk.pl\/wp-content\/uploads\/2019\/04\/Biblioteka_Branickich.jpg\" alt=\"\" data-id=\"4604\" class=\"wp-image-4604\" \/><figcaption>Biblioteka Branickich<\/figcaption><\/figure>\n<\/li>\n<li class=\"blocks-gallery-item\">\n<figure><img width=\"497\" height=\"712\" src=\"http:\/\/muzeumpamieci.umk.pl\/wp-content\/uploads\/2019\/04\/\u017bmigrodzki.png\" alt=\"\" data-id=\"4605\" data-link=\"http:\/\/muzeumpamieci.umk.pl\/?attachment_id=4605\" class=\"wp-image-4605\" \/><figcaption> ilustracja \u017bmigrodzkiego z zasob\u00f3w Muzeum Miejskie w Suchej Beskidzkiej <\/figcaption><\/figure>\n<\/li>\n<\/ul>\n<p><!-- \/wp:gallery --><\/p>\n<p><!-- wp:paragraph --><\/p>\n<p>Po \u015bmierci Nowakowskiego, W\u0142adys\u0142aw Branicki (1848-1914), jedyny syn Aleksandra i Anny, posad\u0119 bibliotekarza i kustosza zbior\u00f3w powierzy\u0142 13 lipca 1882 roku, znanemu historykowi sztuki, filozofowi i etnografowi dr. Micha\u0142owi \u017bmigrodzkiemu, kt\u00f3ry funkcje t\u0119 pe\u0142ni\u0142 przez niemal 37 lat, mieszkaj\u0105c do ko\u0144ca swoich dni w Suchej. Szczeg\u00f3ln\u0105 trosk\u0105 i opiek\u0105 otacza\u0142 \u017bmigrodzki bezcenne zbiory Kraszewskiego \u2013 licz\u0105c\u0105 ponad 6999 pozycji (\u017bmigrodzki podaje 15000 sztuk)&nbsp; kolekcj\u0119 zawieraj\u0105c\u0105 m. in.&nbsp;&nbsp; ksi\u0119gi, malarstwo, grafik\u0119, litografi\u0119, g\u0142\u00f3wnie polskich artyst\u00f3w (m. in. Or\u0142owskiego, Czechowicza, Norblina, Chodowieckiego, Smuglewicza), kt\u00f3ra cieszy\u0142a si\u0119 najwi\u0119ksz\u0105 popularno\u015bci\u0105 w\u015br\u00f3d zwiedzaj\u0105cych bibliotek\u0119 naukowc\u00f3w. Uporz\u0105dkowa\u0142 j\u0105, niemal w pe\u0142ni opracowa\u0142 i zapisa\u0142 w zachowanej do dzisiaj ksi\u0119dze inwentarzowej. \u017bmigrodzki r\u00f3wnie\u017c sam poszerza\u0142 zasoby biblioteki, pozyskuj\u0105c nowe pozycje podczas swoich krajowych zagranicznych podr\u00f3\u017cy. <\/p>\n<p><!-- \/wp:paragraph --><\/p>\n<p><!-- wp:image {\"id\":4603,\"align\":\"left\",\"width\":146,\"height\":191} --><\/p>\n<div class=\"wp-block-image\">\n<figure class=\"alignleft is-resized\"><img loading=\"lazy\" src=\"http:\/\/muzeumpamieci.umk.pl\/wp-content\/uploads\/2019\/04\/W\u0142adys\u0142aw-Branicki.jpg\" alt=\"\" class=\"wp-image-4603\" width=\"146\" height=\"191\" \/><figcaption>W\u0142adys\u0142aw Branicki, \u017ar\u00f3d\u0142o: <a href=\"http:\/\/www.rodtarnowski.com\/gene\/fam01402.html\">R\u00f3d Tarnowski<\/a><\/figcaption><\/figure>\n<\/div>\n<p><!-- \/wp:image --><\/p>\n<p><!-- wp:paragraph --><\/p>\n<p>W\u0142adys\u0142aw Branicki wzbogaci\u0142 zbiory o pami\u0105tki historyczne i dzie\u0142a sztuki, cenne r\u0119kopisy i archiwalia, powi\u0119kszy\u0142 kolekcj\u0119 ikonograficzn\u0105 i numizmatyczn\u0105 ojca. Do zamku w Suchej w 1879 roku trafi\u0142 ksi\u0119gozbi\u00f3r wolnomularstwa Hipolita Skimborowicza, w 1881 zbiory Adama Mieleszko-Maliszkiewicza z \u017bytomierza na Wo\u0142yniu oraz antykwaryczne zasoby Jakuba i Stanis\u0142awa Gieysztor\u00f3w. W\u0142adys\u0142aw Branicki bra\u0142 aktywny udzia\u0142 w aukcjach dzie\u0142 sztuki, nabywaj\u0105c mi\u0119dzy innymi obrazy ze zbior\u00f3w Mniszch\u00f3w z Wi\u015bniowca, kt\u00f3ry podarowa\u0142 je nast\u0119pnie Muzeum Narodowemu w Krakowie. Swoje bogate zbiory udost\u0119pniali Braniccy w celach naukowych oraz ch\u0119tnym do ich zwiedzania, organizowali r\u00f3wnie\u017c odczyty i wystawy. Woluminy pochodz\u0105ce z biblioteki zaopatrzone by\u0142y w ekslibris przedstawiaj\u0105cy herb Branickich \u2013 Korczak oraz \u0142aci\u0144sk\u0105 dewiz\u0119 <em>Pro fide et patria<\/em>. <\/p>\n<p><!-- \/wp:paragraph --><\/p>\n<p><!-- wp:paragraph --><\/p>\n<p>Po<br \/>\n\u015bmierci W\u0142adys\u0142awa Branickiego w 1914 roku, dziedziczk\u0105 na suskim zamku zosta\u0142a<br \/>\njego c\u00f3rka Anna z Branickich Tarnowska a nast\u0119pnie w 1932 roku dobra przej\u0105\u0142<br \/>\nsyn Anny i hr Juliusza Tarnowskiego, junior Juliusz Tarnowski. Otoczy\u0142 zamek i<br \/>\nbibliotek\u0119 starann\u0105 opiek\u0105, organizowa\u0142 sale wystawiennicze, w kt\u00f3rych<br \/>\neksponowano wybrane fragmenty kolekcji. Powi\u0119kszy\u0142 kolekcj\u0119 obraz\u00f3w, znalaz\u0142y<br \/>\nsi\u0119 tu m. in. dzie\u0142a malarstwa w\u0142oskiego, niderlandzkiego, niemieckiego i<br \/>\nhiszpa\u0144skiego od XVI do XIX wieku, z Romanowa na Wo\u0142yniu, ze zbior\u00f3w Steckich,<br \/>\nz rodzinnej kolekcji \u017cony Juliusza \u2013 R\u00f3\u017cy z Zamoyskich. W 1939 roku, na polecenie<br \/>\nJuliusza Tarnowskiego kolekcja grafiki i rysunku zosta\u0142a wywieziona do<br \/>\nMi\u0119dzyrzeca Podlaskiego. <\/p>\n<p><!-- \/wp:paragraph --><\/p>\n<p><!-- wp:paragraph --><\/p>\n<p>W<br \/>\nczasie II wojny \u015bwiatowej Niemcy skonfiskowali i wywie\u017ali z zamku w Suchej du\u017c\u0105<br \/>\nliczb\u0119 zabytkowych przedmiot\u00f3w, rze\u017ab i obraz\u00f3w, z biblioteki za\u015b utworzyli<br \/>\nplac\u00f3wk\u0119, w kt\u00f3rej dokonali selekcji literatury i cz\u0119\u015b\u0107 ksi\u0119gozbioru wys\u0142ali na<br \/>\nprzemia\u0142. <\/p>\n<p><!-- \/wp:paragraph --><\/p>\n<p><!-- wp:paragraph --><\/p>\n<p>Po<br \/>\nwojnie pozosta\u0142o\u015bci ze zbior\u00f3w biblioteki Branickich trafi\u0142y do bibliotek i<br \/>\nmuze\u00f3w w Warszawie, Krakowie, Wroc\u0142awiu i Gda\u0144sku. <\/p>\n<p><!-- \/wp:paragraph --><\/p>\n<p><!-- wp:image {\"id\":4606} --><\/p>\n<figure class=\"wp-block-image\"><img loading=\"lazy\" width=\"649\" height=\"447\" src=\"http:\/\/muzeumpamieci.umk.pl\/wp-content\/uploads\/2019\/04\/zamek-w-Suchej-beskidzkiej.jpg\" alt=\"\" class=\"wp-image-4606\" \/><figcaption>Zamek w Suchej Beskidzkiej (Zamek Suski) , poczt\u00f3wka, ok. 1906, \u017ar\u00f3d\u0142o: Biblioteka Narodowa <a href=\"https:\/\/polona.pl\/archive?uid=70972719&amp;cid=71189785&amp;name=download_fullJPG\">POLONA<\/a><\/figcaption><\/figure>\n<p><!-- \/wp:image --><\/p>\n<p><!-- wp:paragraph --><\/p>\n<p>Bibliografia:<\/p>\n<p><!-- \/wp:paragraph --><\/p>\n<p><!-- wp:list --><\/p>\n<ul>\n<li>M. \u017bmigrodzki, Biblioteka Branickich w Suchej, \u201eCzas\u201d 22 marca 1918.<\/li>\n<li>A. Birkenmajer: <em>Encyklopedia Wiedzy o Ksi\u0105\u017cce<\/em>. Wroc\u0142aw: Ossolineum, 1971.<\/li>\n<li>H. Ma\u0142ysiak, <em>Biblioteka Branickich i Tarnowskich w Suchej<\/em>, Bielsko-Bia\u0142a 1986.<\/li>\n<li>B. Bie\u0144kowska: <em>Ksi\u0105\u017cka na przestrzeni dziej\u00f3w<\/em>. Warszawa 2005.<\/li>\n<li>M. Le\u015bniakiewicz, Panowie suskiego zamku, Sucha Beskidzka 2017.<\/li>\n<\/ul>\n<p><!-- \/wp:list --><\/p>\n<p><!-- wp:paragraph {\"align\":\"right\"} --><\/p>\n<p style=\"text-align:right\">[mw]<\/p>\n<p><!-- \/wp:paragraph --><\/p>\n","comment_info":"0","_links":{"self":[{"href":"https:\/\/muzeumpamieci.umk.pl\/index.php?rest_route=\/wp\/v2\/posts\/4601","targetHints":{"allow":["GET"]}}],"collection":[{"href":"https:\/\/muzeumpamieci.umk.pl\/index.php?rest_route=\/wp\/v2\/posts"}],"about":[{"href":"https:\/\/muzeumpamieci.umk.pl\/index.php?rest_route=\/wp\/v2\/types\/post"}],"author":[{"embeddable":true,"href":"https:\/\/muzeumpamieci.umk.pl\/index.php?rest_route=\/wp\/v2\/users\/7"}],"replies":[{"embeddable":true,"href":"https:\/\/muzeumpamieci.umk.pl\/index.php?rest_route=%2Fwp%2Fv2%2Fcomments&post=4601"}],"version-history":[{"count":3,"href":"https:\/\/muzeumpamieci.umk.pl\/index.php?rest_route=\/wp\/v2\/posts\/4601\/revisions"}],"predecessor-version":[{"id":4610,"href":"https:\/\/muzeumpamieci.umk.pl\/index.php?rest_route=\/wp\/v2\/posts\/4601\/revisions\/4610"}],"wp:featuredmedia":[{"embeddable":true,"href":"https:\/\/muzeumpamieci.umk.pl\/index.php?rest_route=\/wp\/v2\/media\/4606"}],"wp:attachment":[{"href":"https:\/\/muzeumpamieci.umk.pl\/index.php?rest_route=%2Fwp%2Fv2%2Fmedia&parent=4601"}],"wp:term":[{"taxonomy":"category","embeddable":true,"href":"https:\/\/muzeumpamieci.umk.pl\/index.php?rest_route=%2Fwp%2Fv2%2Fcategories&post=4601"},{"taxonomy":"post_tag","embeddable":true,"href":"https:\/\/muzeumpamieci.umk.pl\/index.php?rest_route=%2Fwp%2Fv2%2Ftags&post=4601"}],"curies":[{"name":"wp","href":"https:\/\/api.w.org\/{rel}","templated":true}]}}