{"id":449,"date":"2016-10-01T07:32:08","date_gmt":"2016-10-01T05:32:08","guid":{"rendered":"http:\/\/muzeumpamieci.umk.pl\/?p=449"},"modified":"2018-08-05T13:28:29","modified_gmt":"2018-08-05T11:28:29","slug":"starujemy-z-czytelnia","status":"publish","type":"post","link":"https:\/\/muzeumpamieci.umk.pl\/?p=449","title":{"rendered":"Starujemy z CZYTELNI\u0104!"},"content":{"rendered":"<p>Na naszym portalu uruchomili\u015bmy Czytelni\u0119!<\/p>\n<p>Zapraszamy do lektury pierwszego artyku\u0142u, kt\u00f3ry napisany zosta\u0142 w ramach projektu przez dr Kamil\u0119 K\u0142udkiewicz z Uniwersytetu im. Adama Mickiewicza w Poznaniu, zatytu\u0142owany\u00a0<a href=\"http:\/\/muzeumpamieci.umk.pl\/?page_id=328\"><em>Polskie muzea prywatne w XIX wieku \u2013 kilka s\u0142\u00f3w o metodologii<\/em><\/a>.<\/p>\n","protected":false},"excerpt":{"rendered":"<p>Na naszym portalu uruchomili\u015bmy Czytelni\u0119! Zapraszamy do lektury pierwszego artyku\u0142u, kt\u00f3ry napisany zosta\u0142 w ramach projektu przez dr Kamil\u0119 K\u0142udkiewicz z Uniwersytetu im. Adama Mickiewicza w Poznaniu, zatytu\u0142owany\u00a0Polskie muzea prywatne w XIX wieku \u2013 kilka s\u0142\u00f3w o metodologii.<\/p>\n","protected":false},"author":5,"featured_media":1457,"comment_status":"open","ping_status":"open","sticky":false,"template":"","format":"standard","meta":{"footnotes":""},"categories":[6],"tags":[62,63,65,64],"class_list":["post-449","post","type-post","status-publish","format-standard","has-post-thumbnail","hentry","category-aktualnosci","tag-artykuly","tag-muzea-prywatne","tag-raczynscy","tag-xix-w"],"aioseo_notices":[],"featured_image_src":"https:\/\/muzeumpamieci.umk.pl\/wp-content\/uploads\/2017\/12\/23658917_786438538224733_5741983744269338943_n.jpg","featured_image_src_square":"https:\/\/muzeumpamieci.umk.pl\/wp-content\/uploads\/2017\/12\/23658917_786438538224733_5741983744269338943_n.jpg","author_info":{"display_name":"Ma\u0142gorzata Baka","author_link":"https:\/\/muzeumpamieci.umk.pl\/?author=5"},"category_info":"<a href=\"https:\/\/muzeumpamieci.umk.pl\/?cat=6\" rel=\"category\">Aktualno\u015bci<\/a>","tags_info":"<a href=\"https:\/\/muzeumpamieci.umk.pl\/?tag=artykuly\" rel=\"tag\">artyku\u0142y<\/a>, <a href=\"https:\/\/muzeumpamieci.umk.pl\/?tag=muzea-prywatne\" rel=\"tag\">muzea prywatne<\/a>, <a href=\"https:\/\/muzeumpamieci.umk.pl\/?tag=raczynscy\" rel=\"tag\">Raczy\u0144scy<\/a>, <a href=\"https:\/\/muzeumpamieci.umk.pl\/?tag=xix-w\" rel=\"tag\">XIX w.<\/a>","social_share_info":"<a data-share=\"facebook\" href=\"https:\/\/www.facebook.com\/sharer.php?u=https:\/\/muzeumpamieci.umk.pl\/?p=449\" class=\"tb-facebook-share social-share-default tb-social-share\" target=\"_blank\"><i class=\"fab fa-facebook-f\" aria-hidden=\"true\"><\/i><\/a><a data-share=\"twitter\" href=\"https:\/\/twitter.com\/share?url=https:\/\/muzeumpamieci.umk.pl\/?p=449\" class=\"tb-twiiter-share social-share-default tb-social-share\" target=\"_blank\"><i class=\"fab fa-twitter\" aria-hidden=\"true\"><\/i><\/a><a data-share=\"linkedin\" href=\"https:\/\/www.linkedin.com\/shareArticle?url=https:\/\/muzeumpamieci.umk.pl\/?p=449\" class=\"tb-linkedin-share social-share-default tb-social-share\" target=\"_blank\"><i class=\"fab fa-linkedin-in\" aria-hidden=\"true\"><\/i><\/a>","wordExcerpt_info":"<p>Na naszym portalu uruchomili\u015bmy Czytelni\u0119!<\/p>\n<p>Zapraszamy do lektury pierwszego artyku\u0142u, kt\u00f3ry napisany zosta\u0142 w ramach projektu przez dr Kamil\u0119 K\u0142udkiewicz z Uniwersytetu im. Adama Mickiewicza w Poznaniu, zatytu\u0142owany\u00a0<a href=\"http:\/\/muzeumpamieci.umk.pl\/?page_id=328\"><em>Polskie muzea prywatne w XIX wieku \u2013 kilka s\u0142\u00f3w o metodologii<\/em><\/a>.<\/p>\n","comment_info":"0","_links":{"self":[{"href":"https:\/\/muzeumpamieci.umk.pl\/index.php?rest_route=\/wp\/v2\/posts\/449","targetHints":{"allow":["GET"]}}],"collection":[{"href":"https:\/\/muzeumpamieci.umk.pl\/index.php?rest_route=\/wp\/v2\/posts"}],"about":[{"href":"https:\/\/muzeumpamieci.umk.pl\/index.php?rest_route=\/wp\/v2\/types\/post"}],"author":[{"embeddable":true,"href":"https:\/\/muzeumpamieci.umk.pl\/index.php?rest_route=\/wp\/v2\/users\/5"}],"replies":[{"embeddable":true,"href":"https:\/\/muzeumpamieci.umk.pl\/index.php?rest_route=%2Fwp%2Fv2%2Fcomments&post=449"}],"version-history":[{"count":1,"href":"https:\/\/muzeumpamieci.umk.pl\/index.php?rest_route=\/wp\/v2\/posts\/449\/revisions"}],"predecessor-version":[{"id":450,"href":"https:\/\/muzeumpamieci.umk.pl\/index.php?rest_route=\/wp\/v2\/posts\/449\/revisions\/450"}],"wp:featuredmedia":[{"embeddable":true,"href":"https:\/\/muzeumpamieci.umk.pl\/index.php?rest_route=\/wp\/v2\/media\/1457"}],"wp:attachment":[{"href":"https:\/\/muzeumpamieci.umk.pl\/index.php?rest_route=%2Fwp%2Fv2%2Fmedia&parent=449"}],"wp:term":[{"taxonomy":"category","embeddable":true,"href":"https:\/\/muzeumpamieci.umk.pl\/index.php?rest_route=%2Fwp%2Fv2%2Fcategories&post=449"},{"taxonomy":"post_tag","embeddable":true,"href":"https:\/\/muzeumpamieci.umk.pl\/index.php?rest_route=%2Fwp%2Fv2%2Ftags&post=449"}],"curies":[{"name":"wp","href":"https:\/\/api.w.org\/{rel}","templated":true}]}}