{"id":3537,"date":"2018-10-04T20:53:03","date_gmt":"2018-10-04T18:53:03","guid":{"rendered":"http:\/\/muzeumpamieci.umk.pl\/?p=3537"},"modified":"2019-01-27T20:54:55","modified_gmt":"2019-01-27T19:54:55","slug":"1892-katalog-wystawy-nasion-w-muzeum-przemyslu-i-rolnictwa-warszawa","status":"publish","type":"post","link":"https:\/\/muzeumpamieci.umk.pl\/?p=3537","title":{"rendered":"1892 &#8211; Katalog Wystawy Nasion w Muzeum Przemys\u0142u i Rolnictwa, Warszawa"},"content":{"rendered":"\n<p>Katalog Wystawy Nasion w Muzeum Przemys\u0142u i Rolnictwa w Warszawie w mies. listopadzie 1892 roku<br>\nWarszawa : Kancelaria Muzeum Przemys\u0142u i Rolnictwa, 1892 (Warszawa : S. Orgelbrand Synowie)<br>\n91, [1], 24 s. ; 20 cm<\/p>\n\n\n\n<p>Zas\u00f3b: polona.pl<br> <a rel=\"noreferrer noopener\" aria-label=\"https:\/\/polona.pl\/item\/katalog-vystavki-seman-v-muzee-promyslennosti-i-sel-skago-hozajstva-v-varsave-v,ODI3MTIzNjk\/ (otwiera si\u0119 na nowej zak\u0142adce)\" href=\"https:\/\/polona.pl\/item\/katalog-vystavki-seman-v-muzee-promyslennosti-i-sel-skago-hozajstva-v-varsave-v,ODI3MTIzNjk\/\" target=\"_blank\">https:\/\/polona.pl\/item\/katalog-vystavki-seman-v-muzee-promyslennosti-i-sel-skago-hozajstva-v-varsave-v,ODI3MTIzNjk\/<\/a><\/p>\n\n\n\n<p><\/p>\n\n\n<p>[mb]<\/p>\n","protected":false},"excerpt":{"rendered":"<p>Katalog Wystawy Nasion w Muzeum Przemys\u0142u i Rolnictwa w Warszawie w mies. listopadzie 1892 roku Warszawa : Kancelaria Muzeum Przemys\u0142u i Rolnictwa, 1892 (Warszawa : S. Orgelbrand Synowie) 91, [1], 24 s. ; 20 cm Zas\u00f3b: polona.pl https:\/\/polona.pl\/item\/katalog-vystavki-seman-v-muzee-promyslennosti-i-sel-skago-hozajstva-v-varsave-v,ODI3MTIzNjk\/<\/p>\n","protected":false},"author":5,"featured_media":0,"comment_status":"open","ping_status":"open","sticky":false,"template":"","format":"standard","meta":{"footnotes":""},"categories":[238],"tags":[],"class_list":["post-3537","post","type-post","status-publish","format-standard","hentry","category-katalogi-wystaw"],"aioseo_notices":[],"featured_image_src":" ","featured_image_src_square":" ","author_info":{"display_name":"Ma\u0142gorzata Baka","author_link":"https:\/\/muzeumpamieci.umk.pl\/?author=5"},"category_info":"<a href=\"https:\/\/muzeumpamieci.umk.pl\/?cat=238\" rel=\"category\">KATALOGI WYSTAW<\/a>","tags_info":"","social_share_info":"<a data-share=\"facebook\" href=\"https:\/\/www.facebook.com\/sharer.php?u=https:\/\/muzeumpamieci.umk.pl\/?p=3537\" class=\"tb-facebook-share social-share-default tb-social-share\" target=\"_blank\"><i class=\"fab fa-facebook-f\" aria-hidden=\"true\"><\/i><\/a><a data-share=\"twitter\" href=\"https:\/\/twitter.com\/share?url=https:\/\/muzeumpamieci.umk.pl\/?p=3537\" class=\"tb-twiiter-share social-share-default tb-social-share\" target=\"_blank\"><i class=\"fab fa-twitter\" aria-hidden=\"true\"><\/i><\/a><a data-share=\"linkedin\" href=\"https:\/\/www.linkedin.com\/shareArticle?url=https:\/\/muzeumpamieci.umk.pl\/?p=3537\" class=\"tb-linkedin-share social-share-default tb-social-share\" target=\"_blank\"><i class=\"fab fa-linkedin-in\" aria-hidden=\"true\"><\/i><\/a>","wordExcerpt_info":"<p><!-- wp:paragraph --><\/p>\n<p>Katalog Wystawy Nasion w Muzeum Przemys\u0142u i Rolnictwa w Warszawie w mies. listopadzie 1892 roku<br \/>\nWarszawa : Kancelaria Muzeum Przemys\u0142u i Rolnictwa, 1892 (Warszawa : S. Orgelbrand Synowie)<br \/>\n91, [1], 24 s. ; 20 cm<\/p>\n<p><!-- \/wp:paragraph --><\/p>\n<p><!-- wp:paragraph --><\/p>\n<p>Zas\u00f3b: polona.pl<br \/> <a rel=\"noreferrer noopener\" aria-label=\"https:\/\/polona.pl\/item\/katalog-vystavki-seman-v-muzee-promyslennosti-i-sel-skago-hozajstva-v-varsave-v,ODI3MTIzNjk\/ (otwiera si\u0119 na nowej zak\u0142adce)\" href=\"https:\/\/polona.pl\/item\/katalog-vystavki-seman-v-muzee-promyslennosti-i-sel-skago-hozajstva-v-varsave-v,ODI3MTIzNjk\/\" target=\"_blank\">https:\/\/polona.pl\/item\/katalog-vystavki-seman-v-muzee-promyslennosti-i-sel-skago-hozajstva-v-varsave-v,ODI3MTIzNjk\/<\/a><\/p>\n<p><!-- \/wp:paragraph --><\/p>\n<p><!-- wp:paragraph --><\/p>\n<p><!-- \/wp:paragraph --><\/p>\n<p><!-- wp:shortcode --><br \/>\n[mb]<br \/>\n<!-- \/wp:shortcode --><\/p>\n","comment_info":"0","_links":{"self":[{"href":"https:\/\/muzeumpamieci.umk.pl\/index.php?rest_route=\/wp\/v2\/posts\/3537","targetHints":{"allow":["GET"]}}],"collection":[{"href":"https:\/\/muzeumpamieci.umk.pl\/index.php?rest_route=\/wp\/v2\/posts"}],"about":[{"href":"https:\/\/muzeumpamieci.umk.pl\/index.php?rest_route=\/wp\/v2\/types\/post"}],"author":[{"embeddable":true,"href":"https:\/\/muzeumpamieci.umk.pl\/index.php?rest_route=\/wp\/v2\/users\/5"}],"replies":[{"embeddable":true,"href":"https:\/\/muzeumpamieci.umk.pl\/index.php?rest_route=%2Fwp%2Fv2%2Fcomments&post=3537"}],"version-history":[{"count":1,"href":"https:\/\/muzeumpamieci.umk.pl\/index.php?rest_route=\/wp\/v2\/posts\/3537\/revisions"}],"predecessor-version":[{"id":3538,"href":"https:\/\/muzeumpamieci.umk.pl\/index.php?rest_route=\/wp\/v2\/posts\/3537\/revisions\/3538"}],"wp:attachment":[{"href":"https:\/\/muzeumpamieci.umk.pl\/index.php?rest_route=%2Fwp%2Fv2%2Fmedia&parent=3537"}],"wp:term":[{"taxonomy":"category","embeddable":true,"href":"https:\/\/muzeumpamieci.umk.pl\/index.php?rest_route=%2Fwp%2Fv2%2Fcategories&post=3537"},{"taxonomy":"post_tag","embeddable":true,"href":"https:\/\/muzeumpamieci.umk.pl\/index.php?rest_route=%2Fwp%2Fv2%2Ftags&post=3537"}],"curies":[{"name":"wp","href":"https:\/\/api.w.org\/{rel}","templated":true}]}}