{"id":3189,"date":"2018-10-08T10:21:00","date_gmt":"2018-10-08T08:21:00","guid":{"rendered":"http:\/\/muzeumpamieci.umk.pl\/?p=3189"},"modified":"2020-03-09T18:16:29","modified_gmt":"2020-03-09T17:16:29","slug":"kallenbach-jozef-henryk-1861-1929","status":"publish","type":"post","link":"https:\/\/muzeumpamieci.umk.pl\/?p=3189","title":{"rendered":"Kallenbach J\u00f3zef Henryk (1861-1929)"},"content":{"rendered":"<p>J\u00f3zef Henryk Kallenbach (ur. 24 listopada 1861 w Kamie\u0144cu Podolskim, zm. 12 wrze\u015bnia 1929 w Krakowie) \u2013 polski historyk literatury polskiej, wydawca, profesor, rektor Uniwersytetu Jagiello\u0144skiego.<br \/>\nBy\u0142 cz\u0142onkiem korespondentem Towarzystwa Muzeum Narodowego Polskiego w Rapperswilu od 1893 roku, cz\u0142onkiem Akademii Umiej\u0119tno\u015bci od 1906, cz\u0142onkiem pozna\u0144skiego Towarzystwa Naukowego, cz\u0142onkiem czynnym warszawskiego Towarzystwa Naukowego, cz\u0142onkiem zamiejscowym Towarzystwa Naukowego we Lwowie. Pe\u0142ni\u0142 funkcj\u0119 prezesa Towarzystwa Nauczycieli Szk\u00f3\u0142 Wy\u017cszych we Lwowie. W Warszawie by\u0142 dyrektorem Biblioteki Ordynacji Krasi\u0144skich. Sprawowa\u0142 stanowisko dyrektora Muzeum i Biblioteki Czartoryskich w Krakowie. Ponadto nale\u017ca\u0142 do kuratorium biblioteki w K\u00f3rniku, prezesem komitetu sprowadzenia zw\u0142ok Juliusza S\u0142owackiego do Polski.<\/p>\n<p style=\"text-align: right;\">[oprac. MB]<\/p>\n","protected":false},"excerpt":{"rendered":"<p>J\u00f3zef Henryk Kallenbach (ur. 24 listopada 1861 w Kamie\u0144cu Podolskim, zm. 12 wrze\u015bnia 1929 w Krakowie) \u2013 polski historyk literatury polskiej, wydawca, profesor, rektor Uniwersytetu Jagiello\u0144skiego. By\u0142 cz\u0142onkiem korespondentem Towarzystwa Muzeum Narodowego Polskiego w Rapperswilu od 1893 roku, cz\u0142onkiem Akademii Umiej\u0119tno\u015bci od 1906, cz\u0142onkiem pozna\u0144skiego Towarzystwa Naukowego, cz\u0142onkiem czynnym warszawskiego Towarzystwa Naukowego, cz\u0142onkiem zamiejscowym Towarzystwa&hellip; <\/p>\n","protected":false},"author":5,"featured_media":0,"comment_status":"open","ping_status":"open","sticky":false,"template":"","format":"standard","meta":{"footnotes":""},"categories":[102,155],"tags":[],"class_list":["post-3189","post","type-post","status-publish","format-standard","hentry","category-blog","category-muzealnicy-i-badacze"],"aioseo_notices":[],"featured_image_src":" ","featured_image_src_square":" ","author_info":{"display_name":"Ma\u0142gorzata Baka","author_link":"https:\/\/muzeumpamieci.umk.pl\/?author=5"},"category_info":"<a href=\"https:\/\/muzeumpamieci.umk.pl\/?cat=102\" rel=\"category\">Blog<\/a>, <a href=\"https:\/\/muzeumpamieci.umk.pl\/?cat=155\" rel=\"category\">MUZEALNICY I BADACZE<\/a>","tags_info":"","social_share_info":"<a data-share=\"facebook\" href=\"https:\/\/www.facebook.com\/sharer.php?u=https:\/\/muzeumpamieci.umk.pl\/?p=3189\" class=\"tb-facebook-share social-share-default tb-social-share\" target=\"_blank\"><i class=\"fab fa-facebook-f\" aria-hidden=\"true\"><\/i><\/a><a data-share=\"twitter\" href=\"https:\/\/twitter.com\/share?url=https:\/\/muzeumpamieci.umk.pl\/?p=3189\" class=\"tb-twiiter-share social-share-default tb-social-share\" target=\"_blank\"><i class=\"fab fa-twitter\" aria-hidden=\"true\"><\/i><\/a><a data-share=\"linkedin\" href=\"https:\/\/www.linkedin.com\/shareArticle?url=https:\/\/muzeumpamieci.umk.pl\/?p=3189\" class=\"tb-linkedin-share social-share-default tb-social-share\" target=\"_blank\"><i class=\"fab fa-linkedin-in\" aria-hidden=\"true\"><\/i><\/a>","wordExcerpt_info":"<p>J\u00f3zef Henryk Kallenbach (ur. 24 listopada 1861 w Kamie\u0144cu Podolskim, zm. 12 wrze\u015bnia 1929 w Krakowie) \u2013 polski historyk literatury polskiej, wydawca, profesor, rektor Uniwersytetu Jagiello\u0144skiego.<br \/>\nBy\u0142 cz\u0142onkiem korespondentem Towarzystwa Muzeum Narodowego Polskiego w Rapperswilu od 1893 roku, cz\u0142onkiem Akademii Umiej\u0119tno\u015bci od 1906, cz\u0142onkiem pozna\u0144skiego Towarzystwa Naukowego, cz\u0142onkiem czynnym warszawskiego Towarzystwa Naukowego, cz\u0142onkiem zamiejscowym Towarzystwa Naukowego we Lwowie. Pe\u0142ni\u0142 funkcj\u0119 prezesa Towarzystwa Nauczycieli Szk\u00f3\u0142 Wy\u017cszych we Lwowie. W Warszawie by\u0142 dyrektorem Biblioteki Ordynacji Krasi\u0144skich. Sprawowa\u0142 stanowisko dyrektora Muzeum i Biblioteki Czartoryskich w Krakowie. Ponadto nale\u017ca\u0142 do kuratorium biblioteki w K\u00f3rniku, prezesem komitetu sprowadzenia zw\u0142ok Juliusza S\u0142owackiego do Polski.<\/p>\n<p style=\"text-align: right\">[oprac. MB]<\/p>\n","comment_info":"0","_links":{"self":[{"href":"https:\/\/muzeumpamieci.umk.pl\/index.php?rest_route=\/wp\/v2\/posts\/3189","targetHints":{"allow":["GET"]}}],"collection":[{"href":"https:\/\/muzeumpamieci.umk.pl\/index.php?rest_route=\/wp\/v2\/posts"}],"about":[{"href":"https:\/\/muzeumpamieci.umk.pl\/index.php?rest_route=\/wp\/v2\/types\/post"}],"author":[{"embeddable":true,"href":"https:\/\/muzeumpamieci.umk.pl\/index.php?rest_route=\/wp\/v2\/users\/5"}],"replies":[{"embeddable":true,"href":"https:\/\/muzeumpamieci.umk.pl\/index.php?rest_route=%2Fwp%2Fv2%2Fcomments&post=3189"}],"version-history":[{"count":1,"href":"https:\/\/muzeumpamieci.umk.pl\/index.php?rest_route=\/wp\/v2\/posts\/3189\/revisions"}],"predecessor-version":[{"id":3191,"href":"https:\/\/muzeumpamieci.umk.pl\/index.php?rest_route=\/wp\/v2\/posts\/3189\/revisions\/3191"}],"wp:attachment":[{"href":"https:\/\/muzeumpamieci.umk.pl\/index.php?rest_route=%2Fwp%2Fv2%2Fmedia&parent=3189"}],"wp:term":[{"taxonomy":"category","embeddable":true,"href":"https:\/\/muzeumpamieci.umk.pl\/index.php?rest_route=%2Fwp%2Fv2%2Fcategories&post=3189"},{"taxonomy":"post_tag","embeddable":true,"href":"https:\/\/muzeumpamieci.umk.pl\/index.php?rest_route=%2Fwp%2Fv2%2Ftags&post=3189"}],"curies":[{"name":"wp","href":"https:\/\/api.w.org\/{rel}","templated":true}]}}