{"id":3186,"date":"2018-10-17T10:12:11","date_gmt":"2018-10-17T08:12:11","guid":{"rendered":"http:\/\/muzeumpamieci.umk.pl\/?p=3186"},"modified":"2019-01-13T11:38:59","modified_gmt":"2019-01-13T10:38:59","slug":"dzieduszycki-wlodzimierz-1825-1899","status":"publish","type":"post","link":"https:\/\/muzeumpamieci.umk.pl\/?p=3186","title":{"rendered":"Dzieduszycki W\u0142odzimierz (1825\u20131899)"},"content":{"rendered":"<p>BIBLIOGRAFIA:<br \/>\n<em><a href=\"https:\/\/polona.pl\/item\/wlodzimierz-dzieduszycki-wspomnienie-posmiertne,NzIxMzg0MTk\/4\/#info:metadata\" target=\"_blank\" rel=\"noopener\">W\u0142odzimierz Dzieduszycki: wspomnienie po\u015bmiertne.<\/a>\u00a0<\/em>Rzecz przeczytana na posiedzeniu Wydzia\u0142u Przyrodniczego dnia 23 listopada 1899. &#8211; Odb.: Rocznik Towarzystwa Przyjaci\u00f3\u0142 Nauk Pozna\u0144skiego, t. 26. Pozna\u0144 1900 (Pozna\u0144 : Drukarnia Dziennika Pozna\u0144skiego) [POLONA.PL]<\/p>\n<p>[oprac. MB]<\/p>\n","protected":false},"excerpt":{"rendered":"<p>BIBLIOGRAFIA: W\u0142odzimierz Dzieduszycki: wspomnienie po\u015bmiertne.\u00a0Rzecz przeczytana na posiedzeniu Wydzia\u0142u Przyrodniczego dnia 23 listopada 1899. &#8211; Odb.: Rocznik Towarzystwa Przyjaci\u00f3\u0142 Nauk Pozna\u0144skiego, t. 26. Pozna\u0144 1900 (Pozna\u0144 : Drukarnia Dziennika Pozna\u0144skiego) [POLONA.PL] [oprac. MB]<\/p>\n","protected":false},"author":5,"featured_media":3187,"comment_status":"open","ping_status":"open","sticky":false,"template":"","format":"standard","meta":{"footnotes":""},"categories":[155],"tags":[],"class_list":["post-3186","post","type-post","status-publish","format-standard","has-post-thumbnail","hentry","category-muzealnicy-i-badacze"],"aioseo_notices":[],"featured_image_src":"https:\/\/muzeumpamieci.umk.pl\/wp-content\/uploads\/2018\/12\/Wlodzimierz_Dzieduszycki_1825-1899.jpg","featured_image_src_square":"https:\/\/muzeumpamieci.umk.pl\/wp-content\/uploads\/2018\/12\/Wlodzimierz_Dzieduszycki_1825-1899.jpg","author_info":{"display_name":"Ma\u0142gorzata Baka","author_link":"https:\/\/muzeumpamieci.umk.pl\/?author=5"},"category_info":"<a href=\"https:\/\/muzeumpamieci.umk.pl\/?cat=155\" rel=\"category\">MUZEALNICY I BADACZE<\/a>","tags_info":"","social_share_info":"<a data-share=\"facebook\" href=\"https:\/\/www.facebook.com\/sharer.php?u=https:\/\/muzeumpamieci.umk.pl\/?p=3186\" class=\"tb-facebook-share social-share-default tb-social-share\" target=\"_blank\"><i class=\"fab fa-facebook-f\" aria-hidden=\"true\"><\/i><\/a><a data-share=\"twitter\" href=\"https:\/\/twitter.com\/share?url=https:\/\/muzeumpamieci.umk.pl\/?p=3186\" class=\"tb-twiiter-share social-share-default tb-social-share\" target=\"_blank\"><i class=\"fab fa-twitter\" aria-hidden=\"true\"><\/i><\/a><a data-share=\"linkedin\" href=\"https:\/\/www.linkedin.com\/shareArticle?url=https:\/\/muzeumpamieci.umk.pl\/?p=3186\" class=\"tb-linkedin-share social-share-default tb-social-share\" target=\"_blank\"><i class=\"fab fa-linkedin-in\" aria-hidden=\"true\"><\/i><\/a>","wordExcerpt_info":"<p>BIBLIOGRAFIA:<br \/>\n<em><a href=\"https:\/\/polona.pl\/item\/wlodzimierz-dzieduszycki-wspomnienie-posmiertne,NzIxMzg0MTk\/4\/#info:metadata\" target=\"_blank\" rel=\"noopener\">W\u0142odzimierz Dzieduszycki: wspomnienie po\u015bmiertne.<\/a>\u00a0<\/em>Rzecz przeczytana na posiedzeniu Wydzia\u0142u Przyrodniczego dnia 23 listopada 1899. &#8211; Odb.: Rocznik Towarzystwa Przyjaci\u00f3\u0142 Nauk Pozna\u0144skiego, t. 26. Pozna\u0144 1900 (Pozna\u0144 : Drukarnia Dziennika Pozna\u0144skiego) [POLONA.PL]<\/p>\n<p>[oprac. MB]<\/p>\n","comment_info":"0","_links":{"self":[{"href":"https:\/\/muzeumpamieci.umk.pl\/index.php?rest_route=\/wp\/v2\/posts\/3186","targetHints":{"allow":["GET"]}}],"collection":[{"href":"https:\/\/muzeumpamieci.umk.pl\/index.php?rest_route=\/wp\/v2\/posts"}],"about":[{"href":"https:\/\/muzeumpamieci.umk.pl\/index.php?rest_route=\/wp\/v2\/types\/post"}],"author":[{"embeddable":true,"href":"https:\/\/muzeumpamieci.umk.pl\/index.php?rest_route=\/wp\/v2\/users\/5"}],"replies":[{"embeddable":true,"href":"https:\/\/muzeumpamieci.umk.pl\/index.php?rest_route=%2Fwp%2Fv2%2Fcomments&post=3186"}],"version-history":[{"count":3,"href":"https:\/\/muzeumpamieci.umk.pl\/index.php?rest_route=\/wp\/v2\/posts\/3186\/revisions"}],"predecessor-version":[{"id":3207,"href":"https:\/\/muzeumpamieci.umk.pl\/index.php?rest_route=\/wp\/v2\/posts\/3186\/revisions\/3207"}],"wp:featuredmedia":[{"embeddable":true,"href":"https:\/\/muzeumpamieci.umk.pl\/index.php?rest_route=\/wp\/v2\/media\/3187"}],"wp:attachment":[{"href":"https:\/\/muzeumpamieci.umk.pl\/index.php?rest_route=%2Fwp%2Fv2%2Fmedia&parent=3186"}],"wp:term":[{"taxonomy":"category","embeddable":true,"href":"https:\/\/muzeumpamieci.umk.pl\/index.php?rest_route=%2Fwp%2Fv2%2Fcategories&post=3186"},{"taxonomy":"post_tag","embeddable":true,"href":"https:\/\/muzeumpamieci.umk.pl\/index.php?rest_route=%2Fwp%2Fv2%2Ftags&post=3186"}],"curies":[{"name":"wp","href":"https:\/\/api.w.org\/{rel}","templated":true}]}}