{"id":3176,"date":"2018-11-10T09:51:19","date_gmt":"2018-11-10T08:51:19","guid":{"rendered":"http:\/\/muzeumpamieci.umk.pl\/?p=3176"},"modified":"2020-03-09T18:15:08","modified_gmt":"2020-03-09T17:15:08","slug":"olszewska-felicja","status":"publish","type":"post","link":"https:\/\/muzeumpamieci.umk.pl\/?p=3176","title":{"rendered":"Olszewska Felicja"},"content":{"rendered":"<p>Pierwsza kustosz zbior\u00f3w\u00a0<a href=\"http:\/\/muzeumpamieci.umk.pl\/?p=1810\">Muzeum zabytk\u00f3w Kujawskiej Ziemi<\/a> (Muzeum odd. Polskiego Towarzystwa Krajoznawczego) we W\u0142oc\u0142awku.<\/p>\n<p style=\"text-align: right;\">[oprac. MB]<\/p>\n","protected":false},"excerpt":{"rendered":"<p>Pierwsza kustosz zbior\u00f3w\u00a0Muzeum zabytk\u00f3w Kujawskiej Ziemi (Muzeum odd. Polskiego Towarzystwa Krajoznawczego) we W\u0142oc\u0142awku. [oprac. MB]<\/p>\n","protected":false},"author":5,"featured_media":0,"comment_status":"closed","ping_status":"closed","sticky":false,"template":"","format":"standard","meta":{"footnotes":""},"categories":[102,155],"tags":[],"class_list":["post-3176","post","type-post","status-publish","format-standard","hentry","category-blog","category-muzealnicy-i-badacze"],"aioseo_notices":[],"featured_image_src":" ","featured_image_src_square":" ","author_info":{"display_name":"Ma\u0142gorzata Baka","author_link":"https:\/\/muzeumpamieci.umk.pl\/?author=5"},"category_info":"<a href=\"https:\/\/muzeumpamieci.umk.pl\/?cat=102\" rel=\"category\">Blog<\/a>, <a href=\"https:\/\/muzeumpamieci.umk.pl\/?cat=155\" rel=\"category\">MUZEALNICY I BADACZE<\/a>","tags_info":"","social_share_info":"<a data-share=\"facebook\" href=\"https:\/\/www.facebook.com\/sharer.php?u=https:\/\/muzeumpamieci.umk.pl\/?p=3176\" class=\"tb-facebook-share social-share-default tb-social-share\" target=\"_blank\"><i class=\"fab fa-facebook-f\" aria-hidden=\"true\"><\/i><\/a><a data-share=\"twitter\" href=\"https:\/\/twitter.com\/share?url=https:\/\/muzeumpamieci.umk.pl\/?p=3176\" class=\"tb-twiiter-share social-share-default tb-social-share\" target=\"_blank\"><i class=\"fab fa-twitter\" aria-hidden=\"true\"><\/i><\/a><a data-share=\"linkedin\" href=\"https:\/\/www.linkedin.com\/shareArticle?url=https:\/\/muzeumpamieci.umk.pl\/?p=3176\" class=\"tb-linkedin-share social-share-default tb-social-share\" target=\"_blank\"><i class=\"fab fa-linkedin-in\" aria-hidden=\"true\"><\/i><\/a>","wordExcerpt_info":"<p>Pierwsza kustosz zbior\u00f3w\u00a0<a href=\"http:\/\/muzeumpamieci.umk.pl\/?p=1810\">Muzeum zabytk\u00f3w Kujawskiej Ziemi<\/a> (Muzeum odd. Polskiego Towarzystwa Krajoznawczego) we W\u0142oc\u0142awku.<\/p>\n<p style=\"text-align: right\">[oprac. MB]<\/p>\n","comment_info":"0","_links":{"self":[{"href":"https:\/\/muzeumpamieci.umk.pl\/index.php?rest_route=\/wp\/v2\/posts\/3176","targetHints":{"allow":["GET"]}}],"collection":[{"href":"https:\/\/muzeumpamieci.umk.pl\/index.php?rest_route=\/wp\/v2\/posts"}],"about":[{"href":"https:\/\/muzeumpamieci.umk.pl\/index.php?rest_route=\/wp\/v2\/types\/post"}],"author":[{"embeddable":true,"href":"https:\/\/muzeumpamieci.umk.pl\/index.php?rest_route=\/wp\/v2\/users\/5"}],"replies":[{"embeddable":true,"href":"https:\/\/muzeumpamieci.umk.pl\/index.php?rest_route=%2Fwp%2Fv2%2Fcomments&post=3176"}],"version-history":[{"count":1,"href":"https:\/\/muzeumpamieci.umk.pl\/index.php?rest_route=\/wp\/v2\/posts\/3176\/revisions"}],"predecessor-version":[{"id":3179,"href":"https:\/\/muzeumpamieci.umk.pl\/index.php?rest_route=\/wp\/v2\/posts\/3176\/revisions\/3179"}],"wp:attachment":[{"href":"https:\/\/muzeumpamieci.umk.pl\/index.php?rest_route=%2Fwp%2Fv2%2Fmedia&parent=3176"}],"wp:term":[{"taxonomy":"category","embeddable":true,"href":"https:\/\/muzeumpamieci.umk.pl\/index.php?rest_route=%2Fwp%2Fv2%2Fcategories&post=3176"},{"taxonomy":"post_tag","embeddable":true,"href":"https:\/\/muzeumpamieci.umk.pl\/index.php?rest_route=%2Fwp%2Fv2%2Ftags&post=3176"}],"curies":[{"name":"wp","href":"https:\/\/api.w.org\/{rel}","templated":true}]}}