{"id":3142,"date":"2018-12-18T19:15:37","date_gmt":"2018-12-18T18:15:37","guid":{"rendered":"http:\/\/muzeumpamieci.umk.pl\/?p=3142"},"modified":"2020-03-09T18:13:01","modified_gmt":"2020-03-09T17:13:01","slug":"gloger-zygmunt-1845-1910","status":"publish","type":"post","link":"https:\/\/muzeumpamieci.umk.pl\/?p=3142","title":{"rendered":"Gloger Zygmunt (1845-1910)"},"content":{"rendered":"<p><img decoding=\"async\" class=\" wp-image-3143 alignright\" src=\"http:\/\/muzeumpamieci.umk.pl\/wp-content\/uploads\/2018\/12\/BZS_RKPS_6545_k_4__k_huge-188x300.jpg\" alt=\"\" width=\"134\" height=\"214\" \/>Historyk, podr\u00f3\u017cnik, etnograf, krajoznawca, folklorysta, geograf, archeolog, kolekcjoner, autor dzie\u0142 naukowych. Cz\u0142onek Towarzystwa Opieki nad Zabytkami Przesz\u0142o\u015bci, jeden z za\u0142o\u017cycieli Polskiego Towarzystwa Krajoznawczego. W czasie studi\u00f3w zetkn\u0105\u0142 si\u0119 z Wincentym Polem i Oskarem Kolbergiem, co wp\u0142yn\u0119\u0142o na zainteresowania badawcze Glogera. Od 1872 mieszka\u0142 i prowadzi\u0142 w\u0142asne gospodarstwo w Je\u017cewie, gdzie go\u015bci\u0142 literat\u00f3w, etnograf\u00f3w, naukowc\u00f3w i podr\u00f3\u017cnik\u00f3w. By\u0142 jednym z wybitniejszych kolekcjoner\u00f3w okaz\u00f3w etnograficznych. Swoje zbiory zapisa\u0142 Polskiemu Towarzystwu Krajoznawczemu, Towarzystwu Etnograficznemu, Towarzystwu Bibliotek Publicznych w Warszawie oraz Muzeum Przemys\u0142u i Rolnictwa.<\/p>\n<p>Wi\u0119cej na temat Z. Glogera zob. m.in.<br \/>\n<em>Zygmunt Gloger : pisarz, my\u015bliciel, uczony : studia<\/em> \/ redakcja naukowa Jan Leo\u0144czuk, Jaros\u0142aw \u0141awski, \u0141ukasz Zabielski, Bia\u0142ystok : Katedra Bada\u0144 Filologicznych &#8222;Wsch\u00f3d &#8211; Zach\u00f3d&#8221;. Wydzia\u0142 Filologiczny Uniwersytetu w Bia\u0142ymstoku : Ksi\u0105\u017cnica Podlaska im. \u0141ukasza G\u00f3rnickiego, 2016<\/p>\n<p>Na fotografii: Portret Zygmunta Glogera, Zak\u0142ady Graficzne B. Wierzbicki i S-ka, 1909, Numer inwentarza: BZS.RKPS.6545.k.4\/k, <a href=\"http:\/\/pauart.pl\/app\/artwork?id=BZS_RKPS_6545_k_4_k\">ze zbior\u00f3w PAU<\/a><\/p>\n<p style=\"text-align: right;\">[mw]<\/p>\n","protected":false},"excerpt":{"rendered":"<p>Historyk, podr\u00f3\u017cnik, etnograf, krajoznawca, folklorysta, geograf, archeolog, kolekcjoner, autor dzie\u0142 naukowych. Cz\u0142onek Towarzystwa Opieki nad Zabytkami Przesz\u0142o\u015bci, jeden z za\u0142o\u017cycieli Polskiego Towarzystwa Krajoznawczego. W czasie studi\u00f3w zetkn\u0105\u0142 si\u0119 z Wincentym Polem i Oskarem Kolbergiem, co wp\u0142yn\u0119\u0142o na zainteresowania badawcze Glogera. Od 1872 mieszka\u0142 i prowadzi\u0142 w\u0142asne gospodarstwo w Je\u017cewie, gdzie go\u015bci\u0142 literat\u00f3w, etnograf\u00f3w, naukowc\u00f3w i&hellip; <\/p>\n","protected":false},"author":7,"featured_media":3143,"comment_status":"open","ping_status":"closed","sticky":false,"template":"","format":"standard","meta":{"footnotes":""},"categories":[102,155],"tags":[],"class_list":["post-3142","post","type-post","status-publish","format-standard","has-post-thumbnail","hentry","category-blog","category-muzealnicy-i-badacze"],"aioseo_notices":[],"featured_image_src":"https:\/\/muzeumpamieci.umk.pl\/wp-content\/uploads\/2018\/12\/BZS_RKPS_6545_k_4__k_huge-e1545156556189.jpg","featured_image_src_square":"https:\/\/muzeumpamieci.umk.pl\/wp-content\/uploads\/2018\/12\/BZS_RKPS_6545_k_4__k_huge-e1545156556189.jpg","author_info":{"display_name":"Ma\u0142gorzata Wawrzak","author_link":"https:\/\/muzeumpamieci.umk.pl\/?author=7"},"category_info":"<a href=\"https:\/\/muzeumpamieci.umk.pl\/?cat=102\" rel=\"category\">Blog<\/a>, <a href=\"https:\/\/muzeumpamieci.umk.pl\/?cat=155\" rel=\"category\">MUZEALNICY I BADACZE<\/a>","tags_info":"","social_share_info":"<a data-share=\"facebook\" href=\"https:\/\/www.facebook.com\/sharer.php?u=https:\/\/muzeumpamieci.umk.pl\/?p=3142\" class=\"tb-facebook-share social-share-default tb-social-share\" target=\"_blank\"><i class=\"fab fa-facebook-f\" aria-hidden=\"true\"><\/i><\/a><a data-share=\"twitter\" href=\"https:\/\/twitter.com\/share?url=https:\/\/muzeumpamieci.umk.pl\/?p=3142\" class=\"tb-twiiter-share social-share-default tb-social-share\" target=\"_blank\"><i class=\"fab fa-twitter\" aria-hidden=\"true\"><\/i><\/a><a data-share=\"linkedin\" href=\"https:\/\/www.linkedin.com\/shareArticle?url=https:\/\/muzeumpamieci.umk.pl\/?p=3142\" class=\"tb-linkedin-share social-share-default tb-social-share\" target=\"_blank\"><i class=\"fab fa-linkedin-in\" aria-hidden=\"true\"><\/i><\/a>","wordExcerpt_info":"<p><img class=\" wp-image-3143 alignright\" src=\"http:\/\/muzeumpamieci.umk.pl\/wp-content\/uploads\/2018\/12\/BZS_RKPS_6545_k_4__k_huge-188x300.jpg\" alt=\"\" width=\"134\" height=\"214\" \/>Historyk, podr\u00f3\u017cnik, etnograf, krajoznawca, folklorysta, geograf, archeolog, kolekcjoner, autor dzie\u0142 naukowych. Cz\u0142onek Towarzystwa Opieki nad Zabytkami Przesz\u0142o\u015bci, jeden z za\u0142o\u017cycieli Polskiego Towarzystwa Krajoznawczego. W czasie studi\u00f3w zetkn\u0105\u0142 si\u0119 z Wincentym Polem i Oskarem Kolbergiem, co wp\u0142yn\u0119\u0142o na zainteresowania badawcze Glogera. Od 1872 mieszka\u0142 i prowadzi\u0142 w\u0142asne gospodarstwo w Je\u017cewie, gdzie go\u015bci\u0142 literat\u00f3w, etnograf\u00f3w, naukowc\u00f3w i podr\u00f3\u017cnik\u00f3w. By\u0142 jednym z wybitniejszych kolekcjoner\u00f3w okaz\u00f3w etnograficznych. Swoje zbiory zapisa\u0142 Polskiemu Towarzystwu Krajoznawczemu, Towarzystwu Etnograficznemu, Towarzystwu Bibliotek Publicznych w Warszawie oraz Muzeum Przemys\u0142u i Rolnictwa.<\/p>\n<p>Wi\u0119cej na temat Z. Glogera zob. m.in.<br \/>\n<em>Zygmunt Gloger : pisarz, my\u015bliciel, uczony : studia<\/em> \/ redakcja naukowa Jan Leo\u0144czuk, Jaros\u0142aw \u0141awski, \u0141ukasz Zabielski, Bia\u0142ystok : Katedra Bada\u0144 Filologicznych &#8222;Wsch\u00f3d &#8211; Zach\u00f3d&#8221;. Wydzia\u0142 Filologiczny Uniwersytetu w Bia\u0142ymstoku : Ksi\u0105\u017cnica Podlaska im. \u0141ukasza G\u00f3rnickiego, 2016<\/p>\n<p>Na fotografii: Portret Zygmunta Glogera, Zak\u0142ady Graficzne B. Wierzbicki i S-ka, 1909, Numer inwentarza: BZS.RKPS.6545.k.4\/k, <a href=\"http:\/\/pauart.pl\/app\/artwork?id=BZS_RKPS_6545_k_4_k\">ze zbior\u00f3w PAU<\/a><\/p>\n<p style=\"text-align: right\">[mw]<\/p>\n","comment_info":"0","_links":{"self":[{"href":"https:\/\/muzeumpamieci.umk.pl\/index.php?rest_route=\/wp\/v2\/posts\/3142","targetHints":{"allow":["GET"]}}],"collection":[{"href":"https:\/\/muzeumpamieci.umk.pl\/index.php?rest_route=\/wp\/v2\/posts"}],"about":[{"href":"https:\/\/muzeumpamieci.umk.pl\/index.php?rest_route=\/wp\/v2\/types\/post"}],"author":[{"embeddable":true,"href":"https:\/\/muzeumpamieci.umk.pl\/index.php?rest_route=\/wp\/v2\/users\/7"}],"replies":[{"embeddable":true,"href":"https:\/\/muzeumpamieci.umk.pl\/index.php?rest_route=%2Fwp%2Fv2%2Fcomments&post=3142"}],"version-history":[{"count":3,"href":"https:\/\/muzeumpamieci.umk.pl\/index.php?rest_route=\/wp\/v2\/posts\/3142\/revisions"}],"predecessor-version":[{"id":3449,"href":"https:\/\/muzeumpamieci.umk.pl\/index.php?rest_route=\/wp\/v2\/posts\/3142\/revisions\/3449"}],"wp:featuredmedia":[{"embeddable":true,"href":"https:\/\/muzeumpamieci.umk.pl\/index.php?rest_route=\/wp\/v2\/media\/3143"}],"wp:attachment":[{"href":"https:\/\/muzeumpamieci.umk.pl\/index.php?rest_route=%2Fwp%2Fv2%2Fmedia&parent=3142"}],"wp:term":[{"taxonomy":"category","embeddable":true,"href":"https:\/\/muzeumpamieci.umk.pl\/index.php?rest_route=%2Fwp%2Fv2%2Fcategories&post=3142"},{"taxonomy":"post_tag","embeddable":true,"href":"https:\/\/muzeumpamieci.umk.pl\/index.php?rest_route=%2Fwp%2Fv2%2Ftags&post=3142"}],"curies":[{"name":"wp","href":"https:\/\/api.w.org\/{rel}","templated":true}]}}