{"id":3120,"date":"2018-09-22T12:14:17","date_gmt":"2018-09-22T10:14:17","guid":{"rendered":"http:\/\/muzeumpamieci.umk.pl\/?p=3120"},"modified":"2020-03-09T18:16:41","modified_gmt":"2020-03-09T17:16:41","slug":"witke-jezewski-dominik-1862-1944","status":"publish","type":"post","link":"https:\/\/muzeumpamieci.umk.pl\/?p=3120","title":{"rendered":"Witke-Je\u017cewski Dominik (1862-1944)"},"content":{"rendered":"<figure id=\"attachment_3121\" aria-describedby=\"caption-attachment-3121\" style=\"width: 213px\" class=\"wp-caption alignright\"><a href=\"http:\/\/muzeumpamieci.umk.pl\/wp-content\/uploads\/2018\/12\/witke_jezewski.jpg\"><img fetchpriority=\"high\" decoding=\"async\" class=\"size-medium wp-image-3121\" src=\"http:\/\/muzeumpamieci.umk.pl\/wp-content\/uploads\/2018\/12\/witke_jezewski-213x300.jpg\" alt=\"\" width=\"213\" height=\"300\" srcset=\"https:\/\/muzeumpamieci.umk.pl\/wp-content\/uploads\/2018\/12\/witke_jezewski-213x300.jpg 213w, https:\/\/muzeumpamieci.umk.pl\/wp-content\/uploads\/2018\/12\/witke_jezewski.jpg 430w\" sizes=\"(max-width: 213px) 100vw, 213px\" \/><\/a><figcaption id=\"caption-attachment-3121\" class=\"wp-caption-text\">Dominik Witke-Je\u017cewski.<br \/>\u0179r\u00f3d\u0142o: http:\/\/www.kolekcjonerzy.mnw.art.pl\/dwjfotoen.html<\/figcaption><\/figure>\n<p>&#8222;Zas\u0142u\u017cony dla kultury polskiej spo\u0142ecznik, mecenas artyst\u00f3w, kolekcjoner i darczy\u0144ca Muzeum Narodowego w Warszawie przez znaczn\u0105 cz\u0119\u015b\u0107 \u017cycia kolekcjonowa\u0142 dzie\u0142a sztuki polskiej. Kolekcjoner prowadzi\u0142 przy tym badania nad cennymi pami\u0105tkami narodowymi znajduj\u0105cymi si\u0119 zar\u00f3wno w kolekcjach prywatnych, jak i instytucjach publicznych. W celu zilustrowania wybranych zabytk\u00f3w do planowanych publikacji ok. 1909 roku zatrudni\u0142 warszawskiego rysownika i dokumentalist\u0119 W\u0142adys\u0142awa Romana Sztolcmana (1873\u20131950), kt\u00f3ry przez kilkana\u015bcie lat wykonywa\u0142 malowane akwarel\u0105 szczeg\u00f3\u0142owe rysunki dokumentacyjne zabytk\u00f3w sztuki pocz\u0105wszy od pas\u00f3w kontuszowych, po starodruki, nowo\u017cytne r\u0119kopisy,<\/p>\n<p>militaria, uzbrojenie, ceramik\u0119 i bi\u017cuteri\u0119 patriotyczn\u0105.&#8221;<\/p>\n<hr \/>\n<p><strong>BIBLIOGRAFIA:<\/p>\n<p><\/strong>Gadomska\u00a0Beata, 2005. <a href=\"http:\/\/mazowsze.hist.pl\/16\/Kronika_Zamkowa\/374\/2005\/11847\/\"><em>Dominik Witke-Je\u017cewski &#8211; zapomniany kolekcjoner, niezwyk\u0142a kolekcja: przyczynek do dziej\u00f3w kolekcjonerstwa w Polsce<\/em>.<\/a> &#8222;Kronika Zamkowa&#8221; 1-2\/49-50, s. 153-180.<br \/>\nFederowski W. 1913. <em>Zbiory graficzne Dominika Witke-Je\u017cewskiego<\/em>, Warszawa, s. 68-69.<br \/>\nM\u0105czewska Katarzyna , 2016.<a href=\"http:\/\/mazowsze.hist.pl\/files\/Kronika_Zamkowa\/Kronika_Zamkowa-r2005-t1_2_(49_50)\/Kronika_Zamkowa-r2005-t1_2_(49_50).pdf\" target=\"_blank\" rel=\"noopener\"> <em>Efekt wsp\u00f3\u0142pracy rysownika z kolekcjonerem \u2013 W\u0142adys\u0142awa Sztolcmana rysunki rzemios\u0142a artystycznego powsta\u0142e dla Dominika Witke-Je\u017cewskiego w zbiorach Muzeum Narodowego w Warszawie<\/em><\/a>, konferencja &#8222;Polskie kolekcjonerstwo rzemios\u0142a artystycznego&#8221;, Oddzia\u0142 Warszawski Stowarzyszenia Historyk\u00f3w Sztuki, 3-4 listopada 2016, Warszawa (w przygotowaniu do druku).<br \/>\nPami\u0119tnik wystawy \u201eStarych Rycin Polskich&#8221; ze zbioru Dominika Witke-Je\u017cewskiego urz\u0105dzonej staraniem Towarzystwa Opieki nad Zabytkami Przesz\u0142o\u015bci w roku 1914, Warszawa 1914, ss. V-XI.<\/p>\n<p>Archiwum Zamku Kr\u00f3lewskiego w Warszawie (AZK), Zbi\u00f3r Dominika Witke-Je\u017cewskiego, sygn. R XXIV\/8.|<\/p>\n<p>*Obszerne om\u00f3wienie ekslibris\u00f3w z kolekcji Witke-Je\u017cewskiego znajduje si\u0119 w pracy magisterskiej Piotra Paw\u0142a Czy\u017ca pt. Kolekcja ekslibris\u00f3w polskich Dominika Witke-Je\u017cewskiego w zbiorach Muzeum Narodowego w Warszawie, napisanej pod kier. prof. dr hab. Anny Sieradzkiej, Warszawa 2001.<\/p>\n<p>Online:\u00a0<a href=\"https:\/\/www.europeana.eu\/portal\/pl\/record\/094041\/_nnRWT9f.html\" target=\"_blank\" rel=\"noopener\">https:\/\/www.europeana.eu\/portal\/pl\/record\/094041\/_nnRWT9f.html\u00a0<\/a><\/p>\n<hr \/>\n<p style=\"text-align: right;\">[oprac. MB]<\/p>\n","protected":false},"excerpt":{"rendered":"<p>&#8222;Zas\u0142u\u017cony dla kultury polskiej spo\u0142ecznik, mecenas artyst\u00f3w, kolekcjoner i darczy\u0144ca Muzeum Narodowego w Warszawie przez znaczn\u0105 cz\u0119\u015b\u0107 \u017cycia kolekcjonowa\u0142 dzie\u0142a sztuki polskiej. Kolekcjoner prowadzi\u0142 przy tym badania nad cennymi pami\u0105tkami narodowymi znajduj\u0105cymi si\u0119 zar\u00f3wno w kolekcjach prywatnych, jak i instytucjach publicznych. W celu zilustrowania wybranych zabytk\u00f3w do planowanych publikacji ok. 1909 roku zatrudni\u0142 warszawskiego rysownika&hellip; <\/p>\n","protected":false},"author":5,"featured_media":0,"comment_status":"closed","ping_status":"closed","sticky":false,"template":"","format":"standard","meta":{"footnotes":""},"categories":[102,155],"tags":[],"class_list":["post-3120","post","type-post","status-publish","format-standard","hentry","category-blog","category-muzealnicy-i-badacze"],"aioseo_notices":[],"featured_image_src":" ","featured_image_src_square":" ","author_info":{"display_name":"Ma\u0142gorzata Baka","author_link":"https:\/\/muzeumpamieci.umk.pl\/?author=5"},"category_info":"<a href=\"https:\/\/muzeumpamieci.umk.pl\/?cat=102\" rel=\"category\">Blog<\/a>, <a href=\"https:\/\/muzeumpamieci.umk.pl\/?cat=155\" rel=\"category\">MUZEALNICY I BADACZE<\/a>","tags_info":"","social_share_info":"<a data-share=\"facebook\" href=\"https:\/\/www.facebook.com\/sharer.php?u=https:\/\/muzeumpamieci.umk.pl\/?p=3120\" class=\"tb-facebook-share social-share-default tb-social-share\" target=\"_blank\"><i class=\"fab fa-facebook-f\" aria-hidden=\"true\"><\/i><\/a><a data-share=\"twitter\" href=\"https:\/\/twitter.com\/share?url=https:\/\/muzeumpamieci.umk.pl\/?p=3120\" class=\"tb-twiiter-share social-share-default tb-social-share\" target=\"_blank\"><i class=\"fab fa-twitter\" aria-hidden=\"true\"><\/i><\/a><a data-share=\"linkedin\" href=\"https:\/\/www.linkedin.com\/shareArticle?url=https:\/\/muzeumpamieci.umk.pl\/?p=3120\" class=\"tb-linkedin-share social-share-default tb-social-share\" target=\"_blank\"><i class=\"fab fa-linkedin-in\" aria-hidden=\"true\"><\/i><\/a>","wordExcerpt_info":"[caption id=\"attachment_3121\" align=\"alignright\" width=\"213\"]<a href=\"http:\/\/muzeumpamieci.umk.pl\/wp-content\/uploads\/2018\/12\/witke_jezewski.jpg\"><img class=\"size-medium wp-image-3121\" src=\"http:\/\/muzeumpamieci.umk.pl\/wp-content\/uploads\/2018\/12\/witke_jezewski-213x300.jpg\" alt=\"\" width=\"213\" height=\"300\" \/><\/a> Dominik Witke-Je\u017cewski.<br \/>\u0179r\u00f3d\u0142o: http:\/\/www.kolekcjonerzy.mnw.art.pl\/dwjfotoen.html[\/caption]\n<p>&#8222;Zas\u0142u\u017cony dla kultury polskiej spo\u0142ecznik, mecenas artyst\u00f3w, kolekcjoner i darczy\u0144ca Muzeum Narodowego w Warszawie przez znaczn\u0105 cz\u0119\u015b\u0107 \u017cycia kolekcjonowa\u0142 dzie\u0142a sztuki polskiej. Kolekcjoner prowadzi\u0142 przy tym badania nad cennymi pami\u0105tkami narodowymi znajduj\u0105cymi si\u0119 zar\u00f3wno w kolekcjach prywatnych, jak i instytucjach publicznych. W celu zilustrowania wybranych zabytk\u00f3w do planowanych publikacji ok. 1909 roku zatrudni\u0142 warszawskiego rysownika i dokumentalist\u0119 W\u0142adys\u0142awa Romana Sztolcmana (1873\u20131950), kt\u00f3ry przez kilkana\u015bcie lat wykonywa\u0142 malowane akwarel\u0105 szczeg\u00f3\u0142owe rysunki dokumentacyjne zabytk\u00f3w sztuki pocz\u0105wszy od pas\u00f3w kontuszowych, po starodruki, nowo\u017cytne r\u0119kopisy,<\/p>\n<p>militaria, uzbrojenie, ceramik\u0119 i bi\u017cuteri\u0119 patriotyczn\u0105.&#8221;<\/p>\n<hr \/>\n<p><strong>BIBLIOGRAFIA:<\/p>\n<p><\/strong>Gadomska\u00a0Beata, 2005. <a href=\"http:\/\/mazowsze.hist.pl\/16\/Kronika_Zamkowa\/374\/2005\/11847\/\"><em>Dominik Witke-Je\u017cewski &#8211; zapomniany kolekcjoner, niezwyk\u0142a kolekcja: przyczynek do dziej\u00f3w kolekcjonerstwa w Polsce<\/em>.<\/a> &#8222;Kronika Zamkowa&#8221; 1-2\/49-50, s. 153-180.<br \/>\nFederowski W. 1913. <em>Zbiory graficzne Dominika Witke-Je\u017cewskiego<\/em>, Warszawa, s. 68-69.<br \/>\nM\u0105czewska Katarzyna , 2016.<a href=\"http:\/\/mazowsze.hist.pl\/files\/Kronika_Zamkowa\/Kronika_Zamkowa-r2005-t1_2_(49_50)\/Kronika_Zamkowa-r2005-t1_2_(49_50).pdf\" target=\"_blank\" rel=\"noopener\"> <em>Efekt wsp\u00f3\u0142pracy rysownika z kolekcjonerem \u2013 W\u0142adys\u0142awa Sztolcmana rysunki rzemios\u0142a artystycznego powsta\u0142e dla Dominika Witke-Je\u017cewskiego w zbiorach Muzeum Narodowego w Warszawie<\/em><\/a>, konferencja &#8222;Polskie kolekcjonerstwo rzemios\u0142a artystycznego&#8221;, Oddzia\u0142 Warszawski Stowarzyszenia Historyk\u00f3w Sztuki, 3-4 listopada 2016, Warszawa (w przygotowaniu do druku).<br \/>\nPami\u0119tnik wystawy \u201eStarych Rycin Polskich&#8221; ze zbioru Dominika Witke-Je\u017cewskiego urz\u0105dzonej staraniem Towarzystwa Opieki nad Zabytkami Przesz\u0142o\u015bci w roku 1914, Warszawa 1914, ss. V-XI.<\/p>\n<p>Archiwum Zamku Kr\u00f3lewskiego w Warszawie (AZK), Zbi\u00f3r Dominika Witke-Je\u017cewskiego, sygn. R XXIV\/8.|<\/p>\n<p>*Obszerne om\u00f3wienie ekslibris\u00f3w z kolekcji Witke-Je\u017cewskiego znajduje si\u0119 w pracy magisterskiej Piotra Paw\u0142a Czy\u017ca pt. Kolekcja ekslibris\u00f3w polskich Dominika Witke-Je\u017cewskiego w zbiorach Muzeum Narodowego w Warszawie, napisanej pod kier. prof. dr hab. Anny Sieradzkiej, Warszawa 2001.<\/p>\n<p>Online:\u00a0<a href=\"https:\/\/www.europeana.eu\/portal\/pl\/record\/094041\/_nnRWT9f.html\" target=\"_blank\" rel=\"noopener\">https:\/\/www.europeana.eu\/portal\/pl\/record\/094041\/_nnRWT9f.html\u00a0<\/a><\/p>\n<hr \/>\n<p style=\"text-align: right\">[oprac. MB]<\/p>\n","comment_info":"0","_links":{"self":[{"href":"https:\/\/muzeumpamieci.umk.pl\/index.php?rest_route=\/wp\/v2\/posts\/3120","targetHints":{"allow":["GET"]}}],"collection":[{"href":"https:\/\/muzeumpamieci.umk.pl\/index.php?rest_route=\/wp\/v2\/posts"}],"about":[{"href":"https:\/\/muzeumpamieci.umk.pl\/index.php?rest_route=\/wp\/v2\/types\/post"}],"author":[{"embeddable":true,"href":"https:\/\/muzeumpamieci.umk.pl\/index.php?rest_route=\/wp\/v2\/users\/5"}],"replies":[{"embeddable":true,"href":"https:\/\/muzeumpamieci.umk.pl\/index.php?rest_route=%2Fwp%2Fv2%2Fcomments&post=3120"}],"version-history":[{"count":3,"href":"https:\/\/muzeumpamieci.umk.pl\/index.php?rest_route=\/wp\/v2\/posts\/3120\/revisions"}],"predecessor-version":[{"id":3124,"href":"https:\/\/muzeumpamieci.umk.pl\/index.php?rest_route=\/wp\/v2\/posts\/3120\/revisions\/3124"}],"wp:attachment":[{"href":"https:\/\/muzeumpamieci.umk.pl\/index.php?rest_route=%2Fwp%2Fv2%2Fmedia&parent=3120"}],"wp:term":[{"taxonomy":"category","embeddable":true,"href":"https:\/\/muzeumpamieci.umk.pl\/index.php?rest_route=%2Fwp%2Fv2%2Fcategories&post=3120"},{"taxonomy":"post_tag","embeddable":true,"href":"https:\/\/muzeumpamieci.umk.pl\/index.php?rest_route=%2Fwp%2Fv2%2Ftags&post=3120"}],"curies":[{"name":"wp","href":"https:\/\/api.w.org\/{rel}","templated":true}]}}