{"id":3022,"date":"2018-10-10T10:31:19","date_gmt":"2018-10-10T08:31:19","guid":{"rendered":"http:\/\/muzeumpamieci.umk.pl\/?p=3022"},"modified":"2020-03-09T18:16:03","modified_gmt":"2020-03-09T17:16:03","slug":"gembarzewski-bronislaw-1872-1914","status":"publish","type":"post","link":"https:\/\/muzeumpamieci.umk.pl\/?p=3022","title":{"rendered":"Gembarzewski Bronis\u0142aw (1872-1914)"},"content":{"rendered":"<figure id=\"attachment_3023\" aria-describedby=\"caption-attachment-3023\" style=\"width: 217px\" class=\"wp-caption alignright\"><a href=\"http:\/\/muzeumpamieci.umk.pl\/wp-content\/uploads\/2018\/12\/Gembarzewski_1-1.jpg\"><img fetchpriority=\"high\" decoding=\"async\" class=\"size-medium wp-image-3023\" src=\"http:\/\/muzeumpamieci.umk.pl\/wp-content\/uploads\/2018\/12\/Gembarzewski_1-1-217x300.jpg\" alt=\"\" width=\"217\" height=\"300\" srcset=\"https:\/\/muzeumpamieci.umk.pl\/wp-content\/uploads\/2018\/12\/Gembarzewski_1-1-217x300.jpg 217w, https:\/\/muzeumpamieci.umk.pl\/wp-content\/uploads\/2018\/12\/Gembarzewski_1-1.jpg 434w\" sizes=\"(max-width: 217px) 100vw, 217px\" \/><\/a><figcaption id=\"caption-attachment-3023\" class=\"wp-caption-text\">Bronis\u0142aw Gembarzewski \/ \u0413\u0435\u043c\u0431\u0430\u0436\u0435\u0432\u0441\u043a\u0438\u0439 \u0411\u0440\u043e\u043d\u0438\u0441\u043b\u0430\u0432 (1872\u20131841), h. Awdaniec, historyk wojskowo\u015bci, pu\u0142kownik saper\u00f3w, muzeolog, dyrektor Muzeum Narodowego m.st. Warszawy oraz Muzeum Wojska przy Ministerstwie Spraw Wojskowych<br \/>\u0179r\u00f3d\u0142o: http:\/\/www.polskipetersburg.pl\/hasla\/bronislaw-gembarzewski<\/figcaption><\/figure>\n<p>Bronis\u0142aw Gembarzewski (ur. 30 maja 1872 w Petersburgu, zm. 11 grudnia 1941 w Warszawie) \u2013 pu\u0142kownik saper\u00f3w Wojska Polskiego, malarz batalista, historyk wojskowo\u015bci, muzealnik, wieloletni dyrektor Muzeum Narodowego i Muzeum Wojska w Warszawie.<\/p>\n<p>By\u0142 synem Kazimierza i Eulalii z Zawadzkich. Herbu Habdank. Kszta\u0142ci\u0142 si\u0119 w VI gimnazjum w Warszawie oraz w gimnazjum w Carskim Siole, studiowa\u0142 malarstwo w Akademii Sztuk Pi\u0119knych w Petersburgu (1892-1894) oraz w Conservatoire National des Arts et Metiers w Pary\u017cu (1895-1896). Jednym z jego pedagog\u00f3w malarskich by\u0142 Wojciech Gerson; jako malarz tworzy\u0142 g\u0142\u00f3wnie pejza\u017ce, ale jego prace nie cieszy\u0142y si\u0119 uznaniem krytyk\u00f3w sztuki. Przed I wojn\u0105 \u015bwiatow\u0105 zajmowa\u0142 si\u0119, wsp\u00f3lnie z Edwardem Krasi\u0144skim i Stanis\u0142awem Patkiem, porz\u0105dkowaniem zbior\u00f3w Muzeum Narodowego Polskiego w Rapperswilu; powo\u0142any zosta\u0142 do Armii Imperium Rosyjskiego w 1914, s\u0142u\u017cy\u0142 jako kapitan wojsk saperskich. Z ramienia Komitetu Obywatelskiego miasta Warszawy opiekowa\u0142 si\u0119 gmachami pa\u0144stwowymi stolicy w latach 1915-1916; od 1916 (do 1936) by\u0142 dyrektorem Muzeum Narodowego w Warszawie, a od 1920 dyrektorem Muzeum Wojska w Warszawie. W 1913 zosta\u0142 prezesem, p\u00f3\u017aniej cz\u0142onkiem honorowym Towarzystwa Opieki nad Zabytkami Przesz\u0142o\u015bci w Warszawie, bra\u0142 tak\u017ce udzia\u0142 w pracach Cesarskiego Towarzystwa Historycznego Wojskowego w Petersburgu. Od 1916 by\u0142 cz\u0142onkiem rzeczywistym Towarzystwa Naukowego Warszawskiego. By\u0142 pracownikiem Komisji S\u0142ownikowej Tymczasowej Rady Stanu.<\/p>\n<p>Podczas nauki w gimnazjum uczy\u0142 si\u0119 rysunku u Wojciecha Gersona. Studiowa\u0142 w Akademii Sztuk Pi\u0119knych w Petersburgu w latach 1891-94 w pracowni B.P. Willewaldego. W tym czasie zacz\u0105\u0142 rozwija\u0107 swoje zainteresowania ikonografi\u0105 dawnego wojska polskiego. Gromadzi\u0142 materia\u0142y, dotycz\u0105ce tych zagadnie\u0144. W 1894 roku by\u0142 organizatorem dzia\u0142u historyczno-wojskowego w Rapperswilu. W latach 1895-96 mieszka\u0142 w Pary\u017cu i studiowa\u0142 prawdopodobnie w \u00c9cole de Beaux-arts. Prowadzi\u0142 w tym czasie badania nad epok\u0105 napoleo\u0144sk\u0105. Od 1912 roku dzia\u0142a\u0142 w Towarzystwie Opieki nad Zabytkami, kt\u00f3rego nast\u0119pnie by\u0142 prezesem i cz\u0142onkiem honorowym. Od 1916 roku by\u0142 cz\u0142onkiem Towarzystwa Naukowego Warszawskiego. W latach 1916-36 by\u0142 dyrektorem Muzeum Narodowego w Warszawie, a od 1920 roku tak\u017ce Muzeum Wojska Polskiego, kt\u00f3rego by\u0142 tw\u00f3rc\u0105. W 1922 roku odznaczony orderem Polonia Restituta i francusk\u0105 Legi\u0105 Honorow\u0105. Tw\u00f3rczo\u015b\u0107 Bronis\u0142awa Gembarzewskiego by\u0142a \u015bci\u015ble zwi\u0105zana z jego zainteresowaniem histori\u0105 wojska polskiego. Wykonywa\u0142 ilustracje do w\u0142asnych prac naukowych i dzie\u0142 innych autor\u00f3w w zakresie wojskowo\u015bci. Stworzy\u0142 ilustracje do Encyklopedii Staropolskiej Ilustrowanej Zygmunta Glogera. Pracowa\u0142 przy produkcjach filmowych i teatralnych &#8211; m.in. zaprojektowa\u0142 kostiumy do filmu &#8222;Pan Tadeusz&#8221; i opracowa\u0142 72 tablice ubior\u00f3w do filmu &#8222;Ogniem i Mieczem&#8221;.<\/p>\n<p>W 1921 zosta\u0142 awansowany na pu\u0142kownika. Zweryfikowany ze starsze\u0144stwem z 1 czerwca 1919 roku w korpusie oficer\u00f3w administracyjnych, dzia\u0142 naukowo-o\u015bwiatowy. 19 czerwca 1923 zosta\u0142 przeniesiony do korpusu oficer\u00f3w in\u017cynierii i saper\u00f3w z zachowaniem starsze\u0144stwa z 1 czerwca 1919 i 33,1 lokat\u0105. W czasie pe\u0142nienia funkcji dyrektora Muzeum Wojska pozostawa\u0142 oficerem nadetatowym 1 Pu\u0142ku Saper\u00f3w. Z dniem 30 kwietnia 1927 przeniesiony zosta\u0142 w stan spoczynku. Po wybuchu II wojny \u015bwiatowej by\u0142 kr\u00f3tko wi\u0119ziony na Pawiaku, po zwolnieniu bra\u0142 udzia\u0142 w akcji ratowania zabytk\u00f3w Muzeum Wojska w Warszawie.<\/p>\n<p>Gembarzewski zorganizowa\u0142 w Muzeum Narodowym w Warszawie Archiwum Ikonograficzne, by\u0142 jednym z tw\u00f3rc\u00f3w Muzeum Wojska. W 1929 wyda\u0142 inwentarz zbior\u00f3w Muzeum Wojska z XVIII i pierwszej po\u0142owy XIX wieku, organizowa\u0142 liczne wystawy z dziej\u00f3w Wojska Polskiego. Opracowa\u0142 bibliografi\u0119 historii wojskowo\u015bci w Polsce, zainicjowa\u0142 badania nad dziejami polskiego munduru wojskowego; opracowa\u0142 kilkadziesi\u0105t tysi\u0119cy dok\u0142adnych rysunk\u00f3w umundurowania z epoki Ksi\u0119stwa Warszawskiego. Opisa\u0142 stanowiska pu\u0142k\u00f3w polskich w czasie powstania listopadowego, by\u0142 jednym z konsultant\u00f3w Stefana \u017beromskiego w trakcie pracy pisarza nad Popio\u0142ami. Przygotowa\u0142 wydanie Wspomnie\u0144 wojskowych J\u00f3zefa Patelskiego (obejmuj\u0105cych lata 1823-1831, 1914). Od 1934 wsp\u00f3\u0142pracowa\u0142 z pismem Bro\u0144 i Barwa. Za prac\u0119 Wojsko polskie. Kr\u00f3lestwo Polskie. 1815-1830 (1903) otrzyma\u0142 nagrod\u0119 Kasy im. Mianowskiego.<\/p>\n<p>Cyt. <a href=\"https:\/\/pl.wikipedia.org\/wiki\/Bronis\u0142aw_Gembarzewski\">WIKIPEDIA<\/a><\/p>\n<hr \/>\n<p style=\"text-align: right;\">[oprac. MB]<\/p>\n","protected":false},"excerpt":{"rendered":"<p>Bronis\u0142aw Gembarzewski (ur. 30 maja 1872 w Petersburgu, zm. 11 grudnia 1941 w Warszawie) \u2013 pu\u0142kownik saper\u00f3w Wojska Polskiego, malarz batalista, historyk wojskowo\u015bci, muzealnik, wieloletni dyrektor Muzeum Narodowego i Muzeum Wojska w Warszawie. By\u0142 synem Kazimierza i Eulalii z Zawadzkich. Herbu Habdank. Kszta\u0142ci\u0142 si\u0119 w VI gimnazjum w Warszawie oraz w gimnazjum w Carskim Siole,&hellip; <\/p>\n","protected":false},"author":5,"featured_media":3023,"comment_status":"closed","ping_status":"closed","sticky":false,"template":"","format":"standard","meta":{"footnotes":""},"categories":[102,155],"tags":[363],"class_list":["post-3022","post","type-post","status-publish","format-standard","has-post-thumbnail","hentry","category-blog","category-muzealnicy-i-badacze","tag-gembarzewski-bronislaw"],"aioseo_notices":[],"featured_image_src":"https:\/\/muzeumpamieci.umk.pl\/wp-content\/uploads\/2018\/12\/Gembarzewski_1-1.jpg","featured_image_src_square":"https:\/\/muzeumpamieci.umk.pl\/wp-content\/uploads\/2018\/12\/Gembarzewski_1-1.jpg","author_info":{"display_name":"Ma\u0142gorzata Baka","author_link":"https:\/\/muzeumpamieci.umk.pl\/?author=5"},"category_info":"<a href=\"https:\/\/muzeumpamieci.umk.pl\/?cat=102\" rel=\"category\">Blog<\/a>, <a href=\"https:\/\/muzeumpamieci.umk.pl\/?cat=155\" rel=\"category\">MUZEALNICY I BADACZE<\/a>","tags_info":"<a href=\"https:\/\/muzeumpamieci.umk.pl\/?tag=gembarzewski-bronislaw\" rel=\"tag\">Gembarzewski Bronis\u0142aw<\/a>","social_share_info":"<a data-share=\"facebook\" href=\"https:\/\/www.facebook.com\/sharer.php?u=https:\/\/muzeumpamieci.umk.pl\/?p=3022\" class=\"tb-facebook-share social-share-default tb-social-share\" target=\"_blank\"><i class=\"fab fa-facebook-f\" aria-hidden=\"true\"><\/i><\/a><a data-share=\"twitter\" href=\"https:\/\/twitter.com\/share?url=https:\/\/muzeumpamieci.umk.pl\/?p=3022\" class=\"tb-twiiter-share social-share-default tb-social-share\" target=\"_blank\"><i class=\"fab fa-twitter\" aria-hidden=\"true\"><\/i><\/a><a data-share=\"linkedin\" href=\"https:\/\/www.linkedin.com\/shareArticle?url=https:\/\/muzeumpamieci.umk.pl\/?p=3022\" class=\"tb-linkedin-share social-share-default tb-social-share\" target=\"_blank\"><i class=\"fab fa-linkedin-in\" aria-hidden=\"true\"><\/i><\/a>","wordExcerpt_info":"[caption id=\"attachment_3023\" align=\"alignright\" width=\"217\"]<a href=\"http:\/\/muzeumpamieci.umk.pl\/wp-content\/uploads\/2018\/12\/Gembarzewski_1-1.jpg\"><img class=\"size-medium wp-image-3023\" src=\"http:\/\/muzeumpamieci.umk.pl\/wp-content\/uploads\/2018\/12\/Gembarzewski_1-1-217x300.jpg\" alt=\"\" width=\"217\" height=\"300\" \/><\/a> Bronis\u0142aw Gembarzewski \/ \u0413\u0435\u043c\u0431\u0430\u0436\u0435\u0432\u0441\u043a\u0438\u0439 \u0411\u0440\u043e\u043d\u0438\u0441\u043b\u0430\u0432 (1872\u20131841), h. Awdaniec, historyk wojskowo\u015bci, pu\u0142kownik saper\u00f3w, muzeolog, dyrektor Muzeum Narodowego m.st. Warszawy oraz Muzeum Wojska przy Ministerstwie Spraw Wojskowych<br \/>\u0179r\u00f3d\u0142o: http:\/\/www.polskipetersburg.pl\/hasla\/bronislaw-gembarzewski[\/caption]\n<p>Bronis\u0142aw Gembarzewski (ur. 30 maja 1872 w Petersburgu, zm. 11 grudnia 1941 w Warszawie) \u2013 pu\u0142kownik saper\u00f3w Wojska Polskiego, malarz batalista, historyk wojskowo\u015bci, muzealnik, wieloletni dyrektor Muzeum Narodowego i Muzeum Wojska w Warszawie.<\/p>\n<p>By\u0142 synem Kazimierza i Eulalii z Zawadzkich. Herbu Habdank. Kszta\u0142ci\u0142 si\u0119 w VI gimnazjum w Warszawie oraz w gimnazjum w Carskim Siole, studiowa\u0142 malarstwo w Akademii Sztuk Pi\u0119knych w Petersburgu (1892-1894) oraz w Conservatoire National des Arts et Metiers w Pary\u017cu (1895-1896). Jednym z jego pedagog\u00f3w malarskich by\u0142 Wojciech Gerson; jako malarz tworzy\u0142 g\u0142\u00f3wnie pejza\u017ce, ale jego prace nie cieszy\u0142y si\u0119 uznaniem krytyk\u00f3w sztuki. Przed I wojn\u0105 \u015bwiatow\u0105 zajmowa\u0142 si\u0119, wsp\u00f3lnie z Edwardem Krasi\u0144skim i Stanis\u0142awem Patkiem, porz\u0105dkowaniem zbior\u00f3w Muzeum Narodowego Polskiego w Rapperswilu; powo\u0142any zosta\u0142 do Armii Imperium Rosyjskiego w 1914, s\u0142u\u017cy\u0142 jako kapitan wojsk saperskich. Z ramienia Komitetu Obywatelskiego miasta Warszawy opiekowa\u0142 si\u0119 gmachami pa\u0144stwowymi stolicy w latach 1915-1916; od 1916 (do 1936) by\u0142 dyrektorem Muzeum Narodowego w Warszawie, a od 1920 dyrektorem Muzeum Wojska w Warszawie. W 1913 zosta\u0142 prezesem, p\u00f3\u017aniej cz\u0142onkiem honorowym Towarzystwa Opieki nad Zabytkami Przesz\u0142o\u015bci w Warszawie, bra\u0142 tak\u017ce udzia\u0142 w pracach Cesarskiego Towarzystwa Historycznego Wojskowego w Petersburgu. Od 1916 by\u0142 cz\u0142onkiem rzeczywistym Towarzystwa Naukowego Warszawskiego. By\u0142 pracownikiem Komisji S\u0142ownikowej Tymczasowej Rady Stanu.<\/p>\n<p>Podczas nauki w gimnazjum uczy\u0142 si\u0119 rysunku u Wojciecha Gersona. Studiowa\u0142 w Akademii Sztuk Pi\u0119knych w Petersburgu w latach 1891-94 w pracowni B.P. Willewaldego. W tym czasie zacz\u0105\u0142 rozwija\u0107 swoje zainteresowania ikonografi\u0105 dawnego wojska polskiego. Gromadzi\u0142 materia\u0142y, dotycz\u0105ce tych zagadnie\u0144. W 1894 roku by\u0142 organizatorem dzia\u0142u historyczno-wojskowego w Rapperswilu. W latach 1895-96 mieszka\u0142 w Pary\u017cu i studiowa\u0142 prawdopodobnie w \u00c9cole de Beaux-arts. Prowadzi\u0142 w tym czasie badania nad epok\u0105 napoleo\u0144sk\u0105. Od 1912 roku dzia\u0142a\u0142 w Towarzystwie Opieki nad Zabytkami, kt\u00f3rego nast\u0119pnie by\u0142 prezesem i cz\u0142onkiem honorowym. Od 1916 roku by\u0142 cz\u0142onkiem Towarzystwa Naukowego Warszawskiego. W latach 1916-36 by\u0142 dyrektorem Muzeum Narodowego w Warszawie, a od 1920 roku tak\u017ce Muzeum Wojska Polskiego, kt\u00f3rego by\u0142 tw\u00f3rc\u0105. W 1922 roku odznaczony orderem Polonia Restituta i francusk\u0105 Legi\u0105 Honorow\u0105. Tw\u00f3rczo\u015b\u0107 Bronis\u0142awa Gembarzewskiego by\u0142a \u015bci\u015ble zwi\u0105zana z jego zainteresowaniem histori\u0105 wojska polskiego. Wykonywa\u0142 ilustracje do w\u0142asnych prac naukowych i dzie\u0142 innych autor\u00f3w w zakresie wojskowo\u015bci. Stworzy\u0142 ilustracje do Encyklopedii Staropolskiej Ilustrowanej Zygmunta Glogera. Pracowa\u0142 przy produkcjach filmowych i teatralnych &#8211; m.in. zaprojektowa\u0142 kostiumy do filmu &#8222;Pan Tadeusz&#8221; i opracowa\u0142 72 tablice ubior\u00f3w do filmu &#8222;Ogniem i Mieczem&#8221;.<\/p>\n<p>W 1921 zosta\u0142 awansowany na pu\u0142kownika. Zweryfikowany ze starsze\u0144stwem z 1 czerwca 1919 roku w korpusie oficer\u00f3w administracyjnych, dzia\u0142 naukowo-o\u015bwiatowy. 19 czerwca 1923 zosta\u0142 przeniesiony do korpusu oficer\u00f3w in\u017cynierii i saper\u00f3w z zachowaniem starsze\u0144stwa z 1 czerwca 1919 i 33,1 lokat\u0105. W czasie pe\u0142nienia funkcji dyrektora Muzeum Wojska pozostawa\u0142 oficerem nadetatowym 1 Pu\u0142ku Saper\u00f3w. Z dniem 30 kwietnia 1927 przeniesiony zosta\u0142 w stan spoczynku. Po wybuchu II wojny \u015bwiatowej by\u0142 kr\u00f3tko wi\u0119ziony na Pawiaku, po zwolnieniu bra\u0142 udzia\u0142 w akcji ratowania zabytk\u00f3w Muzeum Wojska w Warszawie.<\/p>\n<p>Gembarzewski zorganizowa\u0142 w Muzeum Narodowym w Warszawie Archiwum Ikonograficzne, by\u0142 jednym z tw\u00f3rc\u00f3w Muzeum Wojska. W 1929 wyda\u0142 inwentarz zbior\u00f3w Muzeum Wojska z XVIII i pierwszej po\u0142owy XIX wieku, organizowa\u0142 liczne wystawy z dziej\u00f3w Wojska Polskiego. Opracowa\u0142 bibliografi\u0119 historii wojskowo\u015bci w Polsce, zainicjowa\u0142 badania nad dziejami polskiego munduru wojskowego; opracowa\u0142 kilkadziesi\u0105t tysi\u0119cy dok\u0142adnych rysunk\u00f3w umundurowania z epoki Ksi\u0119stwa Warszawskiego. Opisa\u0142 stanowiska pu\u0142k\u00f3w polskich w czasie powstania listopadowego, by\u0142 jednym z konsultant\u00f3w Stefana \u017beromskiego w trakcie pracy pisarza nad Popio\u0142ami. Przygotowa\u0142 wydanie Wspomnie\u0144 wojskowych J\u00f3zefa Patelskiego (obejmuj\u0105cych lata 1823-1831, 1914). Od 1934 wsp\u00f3\u0142pracowa\u0142 z pismem Bro\u0144 i Barwa. Za prac\u0119 Wojsko polskie. Kr\u00f3lestwo Polskie. 1815-1830 (1903) otrzyma\u0142 nagrod\u0119 Kasy im. Mianowskiego.<\/p>\n<p>Cyt. <a href=\"https:\/\/pl.wikipedia.org\/wiki\/Bronis\u0142aw_Gembarzewski\">WIKIPEDIA<\/a><\/p>\n<hr \/>\n<p style=\"text-align: right\">[oprac. MB]<\/p>\n","comment_info":"0","_links":{"self":[{"href":"https:\/\/muzeumpamieci.umk.pl\/index.php?rest_route=\/wp\/v2\/posts\/3022","targetHints":{"allow":["GET"]}}],"collection":[{"href":"https:\/\/muzeumpamieci.umk.pl\/index.php?rest_route=\/wp\/v2\/posts"}],"about":[{"href":"https:\/\/muzeumpamieci.umk.pl\/index.php?rest_route=\/wp\/v2\/types\/post"}],"author":[{"embeddable":true,"href":"https:\/\/muzeumpamieci.umk.pl\/index.php?rest_route=\/wp\/v2\/users\/5"}],"replies":[{"embeddable":true,"href":"https:\/\/muzeumpamieci.umk.pl\/index.php?rest_route=%2Fwp%2Fv2%2Fcomments&post=3022"}],"version-history":[{"count":1,"href":"https:\/\/muzeumpamieci.umk.pl\/index.php?rest_route=\/wp\/v2\/posts\/3022\/revisions"}],"predecessor-version":[{"id":3024,"href":"https:\/\/muzeumpamieci.umk.pl\/index.php?rest_route=\/wp\/v2\/posts\/3022\/revisions\/3024"}],"wp:featuredmedia":[{"embeddable":true,"href":"https:\/\/muzeumpamieci.umk.pl\/index.php?rest_route=\/wp\/v2\/media\/3023"}],"wp:attachment":[{"href":"https:\/\/muzeumpamieci.umk.pl\/index.php?rest_route=%2Fwp%2Fv2%2Fmedia&parent=3022"}],"wp:term":[{"taxonomy":"category","embeddable":true,"href":"https:\/\/muzeumpamieci.umk.pl\/index.php?rest_route=%2Fwp%2Fv2%2Fcategories&post=3022"},{"taxonomy":"post_tag","embeddable":true,"href":"https:\/\/muzeumpamieci.umk.pl\/index.php?rest_route=%2Fwp%2Fv2%2Ftags&post=3022"}],"curies":[{"name":"wp","href":"https:\/\/api.w.org\/{rel}","templated":true}]}}