{"id":2895,"date":"2018-11-25T19:26:06","date_gmt":"2018-11-25T18:26:06","guid":{"rendered":"http:\/\/muzeumpamieci.umk.pl\/?p=2895"},"modified":"2020-03-09T18:13:30","modified_gmt":"2020-03-09T17:13:30","slug":"mieczkowski-waclaw-1869-1947","status":"publish","type":"post","link":"https:\/\/muzeumpamieci.umk.pl\/?p=2895","title":{"rendered":"Mieczkowski Wac\u0142aw (1869-1947)"},"content":{"rendered":"<p><img decoding=\"async\" class=\"size-full wp-image-2896 alignright\" src=\"http:\/\/muzeumpamieci.umk.pl\/wp-content\/uploads\/2018\/11\/000014_385111rt751la0s11z1c31_C_95x128.jpg\" alt=\"\" width=\"95\" height=\"128\" \/>ziemianin, herbu Zag\u0142oba, odby\u0142 studia rolnicze w Krakowie, kolekcjoner; tw\u00f3rca prywatnego muzeum w dworze w Nied\u017awiedziu, w wojew\u00f3dztwie kujawsko-pomorskim, w powiecie w\u0105brzeskim, w gminie D\u0119bowa \u0141\u0105ka, dost\u0119pnego dla szerszej publiczno\u015bci.<\/p>\n<p>Na ilustracji: fotografia Wac\u0142awa Miecznikowskiego, \u017ar\u00f3d\u0142o: <a href=\"https:\/\/www.geni.com\/people\/Wac%C5%82aw-Mieczkowski-h-Zag%C5%82oba\/6000000028509972079\">geni.com<\/a><\/p>\n<p style=\"text-align: right;\">[tfr]<\/p>\n","protected":false},"excerpt":{"rendered":"<p>ziemianin, herbu Zag\u0142oba, odby\u0142 studia rolnicze w Krakowie, kolekcjoner; tw\u00f3rca prywatnego muzeum w dworze w Nied\u017awiedziu, w wojew\u00f3dztwie kujawsko-pomorskim, w powiecie w\u0105brzeskim, w gminie D\u0119bowa \u0141\u0105ka, dost\u0119pnego dla szerszej publiczno\u015bci. Na ilustracji: fotografia Wac\u0142awa Miecznikowskiego, \u017ar\u00f3d\u0142o: geni.com [tfr]<\/p>\n","protected":false},"author":3,"featured_media":2896,"comment_status":"open","ping_status":"open","sticky":false,"template":"","format":"standard","meta":{"footnotes":""},"categories":[102,155],"tags":[],"class_list":["post-2895","post","type-post","status-publish","format-standard","has-post-thumbnail","hentry","category-blog","category-muzealnicy-i-badacze"],"aioseo_notices":[],"featured_image_src":"https:\/\/muzeumpamieci.umk.pl\/wp-content\/uploads\/2018\/11\/000014_385111rt751la0s11z1c31_C_95x128.jpg","featured_image_src_square":"https:\/\/muzeumpamieci.umk.pl\/wp-content\/uploads\/2018\/11\/000014_385111rt751la0s11z1c31_C_95x128.jpg","author_info":{"display_name":"Aldona To\u0142ysz","author_link":"https:\/\/muzeumpamieci.umk.pl\/?author=3"},"category_info":"<a href=\"https:\/\/muzeumpamieci.umk.pl\/?cat=102\" rel=\"category\">Blog<\/a>, <a href=\"https:\/\/muzeumpamieci.umk.pl\/?cat=155\" rel=\"category\">MUZEALNICY I BADACZE<\/a>","tags_info":"","social_share_info":"<a data-share=\"facebook\" href=\"https:\/\/www.facebook.com\/sharer.php?u=https:\/\/muzeumpamieci.umk.pl\/?p=2895\" class=\"tb-facebook-share social-share-default tb-social-share\" target=\"_blank\"><i class=\"fab fa-facebook-f\" aria-hidden=\"true\"><\/i><\/a><a data-share=\"twitter\" href=\"https:\/\/twitter.com\/share?url=https:\/\/muzeumpamieci.umk.pl\/?p=2895\" class=\"tb-twiiter-share social-share-default tb-social-share\" target=\"_blank\"><i class=\"fab fa-twitter\" aria-hidden=\"true\"><\/i><\/a><a data-share=\"linkedin\" href=\"https:\/\/www.linkedin.com\/shareArticle?url=https:\/\/muzeumpamieci.umk.pl\/?p=2895\" class=\"tb-linkedin-share social-share-default tb-social-share\" target=\"_blank\"><i class=\"fab fa-linkedin-in\" aria-hidden=\"true\"><\/i><\/a>","wordExcerpt_info":"<p><img class=\"size-full wp-image-2896 alignright\" src=\"http:\/\/muzeumpamieci.umk.pl\/wp-content\/uploads\/2018\/11\/000014_385111rt751la0s11z1c31_C_95x128.jpg\" alt=\"\" width=\"95\" height=\"128\" \/>ziemianin, herbu Zag\u0142oba, odby\u0142 studia rolnicze w Krakowie, kolekcjoner; tw\u00f3rca prywatnego muzeum w dworze w Nied\u017awiedziu, w wojew\u00f3dztwie kujawsko-pomorskim, w powiecie w\u0105brzeskim, w gminie D\u0119bowa \u0141\u0105ka, dost\u0119pnego dla szerszej publiczno\u015bci.<\/p>\n<p>Na ilustracji: fotografia Wac\u0142awa Miecznikowskiego, \u017ar\u00f3d\u0142o: <a href=\"https:\/\/www.geni.com\/people\/Wac%C5%82aw-Mieczkowski-h-Zag%C5%82oba\/6000000028509972079\">geni.com<\/a><\/p>\n<p style=\"text-align: right\">[tfr]<\/p>\n","comment_info":"0","_links":{"self":[{"href":"https:\/\/muzeumpamieci.umk.pl\/index.php?rest_route=\/wp\/v2\/posts\/2895","targetHints":{"allow":["GET"]}}],"collection":[{"href":"https:\/\/muzeumpamieci.umk.pl\/index.php?rest_route=\/wp\/v2\/posts"}],"about":[{"href":"https:\/\/muzeumpamieci.umk.pl\/index.php?rest_route=\/wp\/v2\/types\/post"}],"author":[{"embeddable":true,"href":"https:\/\/muzeumpamieci.umk.pl\/index.php?rest_route=\/wp\/v2\/users\/3"}],"replies":[{"embeddable":true,"href":"https:\/\/muzeumpamieci.umk.pl\/index.php?rest_route=%2Fwp%2Fv2%2Fcomments&post=2895"}],"version-history":[{"count":3,"href":"https:\/\/muzeumpamieci.umk.pl\/index.php?rest_route=\/wp\/v2\/posts\/2895\/revisions"}],"predecessor-version":[{"id":4799,"href":"https:\/\/muzeumpamieci.umk.pl\/index.php?rest_route=\/wp\/v2\/posts\/2895\/revisions\/4799"}],"wp:featuredmedia":[{"embeddable":true,"href":"https:\/\/muzeumpamieci.umk.pl\/index.php?rest_route=\/wp\/v2\/media\/2896"}],"wp:attachment":[{"href":"https:\/\/muzeumpamieci.umk.pl\/index.php?rest_route=%2Fwp%2Fv2%2Fmedia&parent=2895"}],"wp:term":[{"taxonomy":"category","embeddable":true,"href":"https:\/\/muzeumpamieci.umk.pl\/index.php?rest_route=%2Fwp%2Fv2%2Fcategories&post=2895"},{"taxonomy":"post_tag","embeddable":true,"href":"https:\/\/muzeumpamieci.umk.pl\/index.php?rest_route=%2Fwp%2Fv2%2Ftags&post=2895"}],"curies":[{"name":"wp","href":"https:\/\/api.w.org\/{rel}","templated":true}]}}