{"id":2019,"date":"2018-04-11T12:46:01","date_gmt":"2018-04-11T10:46:01","guid":{"rendered":"http:\/\/muzeumpamieci.umk.pl\/?p=2019"},"modified":"2018-08-05T13:41:40","modified_gmt":"2018-08-05T11:41:40","slug":"ix-seminarium-muzealnicze-o-muzeach-oswiatowych-szkolnych-i-uniwersyteckich","status":"publish","type":"post","link":"https:\/\/muzeumpamieci.umk.pl\/?p=2019","title":{"rendered":"IX Seminarium Muzealnicze o muzeach o\u015bwiatowych, szkolnych i uniwersyteckich"},"content":{"rendered":"<p>Zapraszamy na IX SEMINARIUM MUZEALNICZE, po\u015bwi\u0119cone b\u0119dzie muzeom uniwersyteckim, o\u015bwiatowy i szkolnym powsta\u0142ym i funkcjonuj\u0105cym przez 1918 r., kt\u00f3re ob\u0119dzie si\u0119 26. maja 2018 r. Seminarium poprowadz\u0105 p. Ma\u0142gorzata Baka i p. Aldona To\u0142ysz z Zak\u0142adu Muzealnictwa UMK.<\/p>\n<p>Tradycyjnie zapraszamy w sobot\u0119 o godz. 11:00 do sali 101 na Wydziale Sztuk Pi\u0119knych UMK w Toruniu (ul. Sienkiewicza 30\/32).<\/p>\n<p>Prosimy o wcze\u015bniejsze zarejestrowanie si\u0119 drog\u0105 meilow\u0105:<a href=\"mailto:muzeumpamieci@umk.pl\"> muzeumpamieci@umk.pl<\/a>\u00a0lub za po\u015brednictwem <a href=\"https:\/\/goo.gl\/forms\/wclfahxKXPlNnLoK2\">formularza rejestracyjnego.<\/a><\/p>\n<p>Liczba uczestnik\u00f3w jest ograniczona.<br \/>\nUdzia\u0142 w Seminarium Muzealniczym jest bezp\u0142atny.<span class=\"text_exposed_show\"><br \/>\nOrganizatorzy nie pokrywaj\u0105 koszt\u00f3w dojazdu.<br \/>\nZapewniamy kawk\u0119 i ciasteczka \ud83d\ude42<\/span><\/p>\n<p>Wydarzenie na <a href=\"https:\/\/www.facebook.com\/events\/297802314087180\/?notif_t=plan_user_joined&amp;notif_id=1523883302054176\">Facebooku<\/a><\/p>\n<hr \/>\n<p>&nbsp;<\/p>\n","protected":false},"excerpt":{"rendered":"<p>Zapraszamy na IX SEMINARIUM MUZEALNICZE, po\u015bwi\u0119cone b\u0119dzie muzeom uniwersyteckim, o\u015bwiatowy i szkolnym powsta\u0142ym i funkcjonuj\u0105cym przez 1918 r., kt\u00f3re ob\u0119dzie si\u0119 26. maja 2018 r. Seminarium poprowadz\u0105 p. Ma\u0142gorzata Baka i p. Aldona To\u0142ysz z Zak\u0142adu Muzealnictwa UMK. Tradycyjnie zapraszamy w sobot\u0119 o godz. 11:00 do sali 101 na Wydziale Sztuk Pi\u0119knych UMK w Toruniu&hellip; <\/p>\n","protected":false},"author":5,"featured_media":2073,"comment_status":"open","ping_status":"open","sticky":false,"template":"","format":"standard","meta":{"footnotes":""},"categories":[6,3,43],"tags":[],"class_list":["post-2019","post","type-post","status-publish","format-standard","has-post-thumbnail","hentry","category-aktualnosci","category-seminarium-muzealnicze","category-wydarzenia"],"aioseo_notices":[],"featured_image_src":"https:\/\/muzeumpamieci.umk.pl\/wp-content\/uploads\/2018\/04\/19247658_786438761558044_992767071025508536_n.jpg","featured_image_src_square":"https:\/\/muzeumpamieci.umk.pl\/wp-content\/uploads\/2018\/04\/19247658_786438761558044_992767071025508536_n.jpg","author_info":{"display_name":"Ma\u0142gorzata Baka","author_link":"https:\/\/muzeumpamieci.umk.pl\/?author=5"},"category_info":"<a href=\"https:\/\/muzeumpamieci.umk.pl\/?cat=6\" rel=\"category\">Aktualno\u015bci<\/a>, <a href=\"https:\/\/muzeumpamieci.umk.pl\/?cat=3\" rel=\"category\">Seminarium Muzealnicze<\/a>, <a href=\"https:\/\/muzeumpamieci.umk.pl\/?cat=43\" rel=\"category\">Wydarzenia<\/a>","tags_info":"","social_share_info":"<a data-share=\"facebook\" href=\"https:\/\/www.facebook.com\/sharer.php?u=https:\/\/muzeumpamieci.umk.pl\/?p=2019\" class=\"tb-facebook-share social-share-default tb-social-share\" target=\"_blank\"><i class=\"fab fa-facebook-f\" aria-hidden=\"true\"><\/i><\/a><a data-share=\"twitter\" href=\"https:\/\/twitter.com\/share?url=https:\/\/muzeumpamieci.umk.pl\/?p=2019\" class=\"tb-twiiter-share social-share-default tb-social-share\" target=\"_blank\"><i class=\"fab fa-twitter\" aria-hidden=\"true\"><\/i><\/a><a data-share=\"linkedin\" href=\"https:\/\/www.linkedin.com\/shareArticle?url=https:\/\/muzeumpamieci.umk.pl\/?p=2019\" class=\"tb-linkedin-share social-share-default tb-social-share\" target=\"_blank\"><i class=\"fab fa-linkedin-in\" aria-hidden=\"true\"><\/i><\/a>","wordExcerpt_info":"<p>Zapraszamy na IX SEMINARIUM MUZEALNICZE, po\u015bwi\u0119cone b\u0119dzie muzeom uniwersyteckim, o\u015bwiatowy i szkolnym powsta\u0142ym i funkcjonuj\u0105cym przez 1918 r., kt\u00f3re ob\u0119dzie si\u0119 26. maja 2018 r. Seminarium poprowadz\u0105 p. Ma\u0142gorzata Baka i p. Aldona To\u0142ysz z Zak\u0142adu Muzealnictwa UMK.<\/p>\n<p>Tradycyjnie zapraszamy w sobot\u0119 o godz. 11:00 do sali 101 na Wydziale Sztuk Pi\u0119knych UMK w Toruniu (ul. Sienkiewicza 30\/32).<\/p>\n<p>Prosimy o wcze\u015bniejsze zarejestrowanie si\u0119 drog\u0105 meilow\u0105:<a href=\"mailto:muzeumpamieci@umk.pl\"> muzeumpamieci@umk.pl<\/a>\u00a0lub za po\u015brednictwem <a href=\"https:\/\/goo.gl\/forms\/wclfahxKXPlNnLoK2\">formularza rejestracyjnego.<\/a><\/p>\n<p>Liczba uczestnik\u00f3w jest ograniczona.<br \/>\nUdzia\u0142 w Seminarium Muzealniczym jest bezp\u0142atny.<span class=\"text_exposed_show\"><br \/>\nOrganizatorzy nie pokrywaj\u0105 koszt\u00f3w dojazdu.<br \/>\nZapewniamy kawk\u0119 i ciasteczka \ud83d\ude42<\/span><\/p>\n<p>Wydarzenie na <a href=\"https:\/\/www.facebook.com\/events\/297802314087180\/?notif_t=plan_user_joined&amp;notif_id=1523883302054176\">Facebooku<\/a><\/p>\n<hr \/>\n<p>&nbsp;<\/p>\n","comment_info":"0","_links":{"self":[{"href":"https:\/\/muzeumpamieci.umk.pl\/index.php?rest_route=\/wp\/v2\/posts\/2019","targetHints":{"allow":["GET"]}}],"collection":[{"href":"https:\/\/muzeumpamieci.umk.pl\/index.php?rest_route=\/wp\/v2\/posts"}],"about":[{"href":"https:\/\/muzeumpamieci.umk.pl\/index.php?rest_route=\/wp\/v2\/types\/post"}],"author":[{"embeddable":true,"href":"https:\/\/muzeumpamieci.umk.pl\/index.php?rest_route=\/wp\/v2\/users\/5"}],"replies":[{"embeddable":true,"href":"https:\/\/muzeumpamieci.umk.pl\/index.php?rest_route=%2Fwp%2Fv2%2Fcomments&post=2019"}],"version-history":[{"count":6,"href":"https:\/\/muzeumpamieci.umk.pl\/index.php?rest_route=\/wp\/v2\/posts\/2019\/revisions"}],"predecessor-version":[{"id":2063,"href":"https:\/\/muzeumpamieci.umk.pl\/index.php?rest_route=\/wp\/v2\/posts\/2019\/revisions\/2063"}],"wp:featuredmedia":[{"embeddable":true,"href":"https:\/\/muzeumpamieci.umk.pl\/index.php?rest_route=\/wp\/v2\/media\/2073"}],"wp:attachment":[{"href":"https:\/\/muzeumpamieci.umk.pl\/index.php?rest_route=%2Fwp%2Fv2%2Fmedia&parent=2019"}],"wp:term":[{"taxonomy":"category","embeddable":true,"href":"https:\/\/muzeumpamieci.umk.pl\/index.php?rest_route=%2Fwp%2Fv2%2Fcategories&post=2019"},{"taxonomy":"post_tag","embeddable":true,"href":"https:\/\/muzeumpamieci.umk.pl\/index.php?rest_route=%2Fwp%2Fv2%2Ftags&post=2019"}],"curies":[{"name":"wp","href":"https:\/\/api.w.org\/{rel}","templated":true}]}}