{"id":1714,"date":"2017-01-13T22:38:49","date_gmt":"2017-01-13T21:38:49","guid":{"rendered":"http:\/\/muzeumpamieci.umk.pl\/?p=1714"},"modified":"2018-04-16T15:54:36","modified_gmt":"2018-04-16T13:54:36","slug":"1890-katalog-wystawy-afrykanskiej-ze-zbiorow-l-janikowskiego-warszawa","status":"publish","type":"post","link":"https:\/\/muzeumpamieci.umk.pl\/?p=1714","title":{"rendered":"1890 &#8211; Katalog wystawy afryka\u0144skiej ze zbior\u00f3w L. Janikowskiego, Warszawa"},"content":{"rendered":"<p><img decoding=\"async\" class=\" wp-image-1186 alignright\" src=\"http:\/\/muzeumpamieci.umk.pl\/wp-content\/uploads\/2016\/10\/1890-Katalog-wystawy-etnograficznej-\u015brodkowej-Afryki-ze-7-221x300.jpg\" alt=\"1890 Katalog wystawy etnograficznej \u015brodkowej Afryki ze-7\" width=\"116\" height=\"157\" srcset=\"https:\/\/muzeumpamieci.umk.pl\/wp-content\/uploads\/2016\/10\/1890-Katalog-wystawy-etnograficznej-\u015brodkowej-Afryki-ze-7-221x300.jpg 221w, https:\/\/muzeumpamieci.umk.pl\/wp-content\/uploads\/2016\/10\/1890-Katalog-wystawy-etnograficznej-\u015brodkowej-Afryki-ze-7-768x1042.jpg 768w, https:\/\/muzeumpamieci.umk.pl\/wp-content\/uploads\/2016\/10\/1890-Katalog-wystawy-etnograficznej-\u015brodkowej-Afryki-ze-7-754x1024.jpg 754w, https:\/\/muzeumpamieci.umk.pl\/wp-content\/uploads\/2016\/10\/1890-Katalog-wystawy-etnograficznej-\u015brodkowej-Afryki-ze-7.jpg 1632w\" sizes=\"(max-width: 116px) 100vw, 116px\" \/>Warszawa<\/p>\n<p>W<span class=\"st\">ystawa etnograficzna \u015brodkowej Afryki ze zbior\u00f3w Leopolda Janikowskiego,\u00a0<a href=\"http:\/\/mbc.cyfrowemazowsze.pl\/dlibra\/doccontent?id=35490\">Katalog wystawy etnograficznej \u015arodkowej Afryki ze zbior\u00f3w Leopolda Janikowskiego<\/a>, Warszawa: druk S. Orgelbranda i syn\u00f3w, 1890<\/span><\/p>\n<p><span class=\"st\">Zas\u00f3b Muzeum Narodowego w Warszawie, digitalizacja Biblioteka Publiczna m.st. Warszawy<\/span><\/p>\n<p>&nbsp;<\/p>\n","protected":false},"excerpt":{"rendered":"<p>Warszawa Wystawa etnograficzna \u015brodkowej Afryki ze zbior\u00f3w Leopolda Janikowskiego,\u00a0Katalog wystawy etnograficznej \u015arodkowej Afryki ze zbior\u00f3w Leopolda Janikowskiego, Warszawa: druk S. Orgelbranda i syn\u00f3w, 1890 Zas\u00f3b Muzeum Narodowego w Warszawie, digitalizacja Biblioteka Publiczna m.st. Warszawy &nbsp;<\/p>\n","protected":false},"author":1,"featured_media":0,"comment_status":"open","ping_status":"open","sticky":false,"template":"","format":"standard","meta":{"footnotes":""},"categories":[102,238],"tags":[],"class_list":["post-1714","post","type-post","status-publish","format-standard","hentry","category-blog","category-katalogi-wystaw"],"aioseo_notices":[],"featured_image_src":" ","featured_image_src_square":" ","author_info":{"display_name":"Redaktor","author_link":"https:\/\/muzeumpamieci.umk.pl\/?author=1"},"category_info":"<a href=\"https:\/\/muzeumpamieci.umk.pl\/?cat=102\" rel=\"category\">Blog<\/a>, <a href=\"https:\/\/muzeumpamieci.umk.pl\/?cat=238\" rel=\"category\">KATALOGI WYSTAW<\/a>","tags_info":"","social_share_info":"<a data-share=\"facebook\" href=\"https:\/\/www.facebook.com\/sharer.php?u=https:\/\/muzeumpamieci.umk.pl\/?p=1714\" class=\"tb-facebook-share social-share-default tb-social-share\" target=\"_blank\"><i class=\"fab fa-facebook-f\" aria-hidden=\"true\"><\/i><\/a><a data-share=\"twitter\" href=\"https:\/\/twitter.com\/share?url=https:\/\/muzeumpamieci.umk.pl\/?p=1714\" class=\"tb-twiiter-share social-share-default tb-social-share\" target=\"_blank\"><i class=\"fab fa-twitter\" aria-hidden=\"true\"><\/i><\/a><a data-share=\"linkedin\" href=\"https:\/\/www.linkedin.com\/shareArticle?url=https:\/\/muzeumpamieci.umk.pl\/?p=1714\" class=\"tb-linkedin-share social-share-default tb-social-share\" target=\"_blank\"><i class=\"fab fa-linkedin-in\" aria-hidden=\"true\"><\/i><\/a>","wordExcerpt_info":"<p><img class=\" wp-image-1186 alignright\" src=\"http:\/\/muzeumpamieci.umk.pl\/wp-content\/uploads\/2016\/10\/1890-Katalog-wystawy-etnograficznej-\u015brodkowej-Afryki-ze-7-221x300.jpg\" alt=\"1890 Katalog wystawy etnograficznej \u015brodkowej Afryki ze-7\" width=\"116\" height=\"157\" \/>Warszawa<\/p>\n<p>W<span class=\"st\">ystawa etnograficzna \u015brodkowej Afryki ze zbior\u00f3w Leopolda Janikowskiego,\u00a0<a href=\"http:\/\/mbc.cyfrowemazowsze.pl\/dlibra\/doccontent?id=35490\">Katalog wystawy etnograficznej \u015arodkowej Afryki ze zbior\u00f3w Leopolda Janikowskiego<\/a>, Warszawa: druk S. Orgelbranda i syn\u00f3w, 1890<\/span><\/p>\n<p><span class=\"st\">Zas\u00f3b Muzeum Narodowego w Warszawie, digitalizacja Biblioteka Publiczna m.st. Warszawy<\/span><\/p>\n<p>&nbsp;<\/p>\n","comment_info":"0","_links":{"self":[{"href":"https:\/\/muzeumpamieci.umk.pl\/index.php?rest_route=\/wp\/v2\/posts\/1714","targetHints":{"allow":["GET"]}}],"collection":[{"href":"https:\/\/muzeumpamieci.umk.pl\/index.php?rest_route=\/wp\/v2\/posts"}],"about":[{"href":"https:\/\/muzeumpamieci.umk.pl\/index.php?rest_route=\/wp\/v2\/types\/post"}],"author":[{"embeddable":true,"href":"https:\/\/muzeumpamieci.umk.pl\/index.php?rest_route=\/wp\/v2\/users\/1"}],"replies":[{"embeddable":true,"href":"https:\/\/muzeumpamieci.umk.pl\/index.php?rest_route=%2Fwp%2Fv2%2Fcomments&post=1714"}],"version-history":[{"count":1,"href":"https:\/\/muzeumpamieci.umk.pl\/index.php?rest_route=\/wp\/v2\/posts\/1714\/revisions"}],"predecessor-version":[{"id":1715,"href":"https:\/\/muzeumpamieci.umk.pl\/index.php?rest_route=\/wp\/v2\/posts\/1714\/revisions\/1715"}],"wp:attachment":[{"href":"https:\/\/muzeumpamieci.umk.pl\/index.php?rest_route=%2Fwp%2Fv2%2Fmedia&parent=1714"}],"wp:term":[{"taxonomy":"category","embeddable":true,"href":"https:\/\/muzeumpamieci.umk.pl\/index.php?rest_route=%2Fwp%2Fv2%2Fcategories&post=1714"},{"taxonomy":"post_tag","embeddable":true,"href":"https:\/\/muzeumpamieci.umk.pl\/index.php?rest_route=%2Fwp%2Fv2%2Ftags&post=1714"}],"curies":[{"name":"wp","href":"https:\/\/api.w.org\/{rel}","templated":true}]}}