{"id":1706,"date":"2017-02-02T22:34:39","date_gmt":"2017-02-02T21:34:39","guid":{"rendered":"http:\/\/muzeumpamieci.umk.pl\/?p=1706"},"modified":"2018-04-16T15:55:16","modified_gmt":"2018-04-16T13:55:16","slug":"1880-katalog-wystawy-etnograficznej-pokucia-kolomyja","status":"publish","type":"post","link":"https:\/\/muzeumpamieci.umk.pl\/?p=1706","title":{"rendered":"1880 &#8211; Katalog wystawy etnograficznej Pokucia, Ko\u0142omyja"},"content":{"rendered":"<p><img decoding=\"async\" class=\" wp-image-1052 alignright\" src=\"http:\/\/muzeumpamieci.umk.pl\/wp-content\/uploads\/2016\/10\/Dokument-DjVu-1-192x300.jpg\" alt=\"Dokument DjVu\" width=\"100\" height=\"157\" srcset=\"https:\/\/muzeumpamieci.umk.pl\/wp-content\/uploads\/2016\/10\/Dokument-DjVu-1-192x300.jpg 192w, https:\/\/muzeumpamieci.umk.pl\/wp-content\/uploads\/2016\/10\/Dokument-DjVu-1-768x1202.jpg 768w, https:\/\/muzeumpamieci.umk.pl\/wp-content\/uploads\/2016\/10\/Dokument-DjVu-1-654x1024.jpg 654w\" sizes=\"(max-width: 100px) 100vw, 100px\" \/>Ko\u0142omyja<\/p>\n<p>Wystawa etnograficzna Pokucia w Ko\u0142omyi, katalog: Marceli Antoni Turkawski,\u00a0<a href=\"https:\/\/sbc.org.pl\/dlibra\/publication\/20386\/edition\/18840\/wystawa-etnograficzna-pokucia-w-kolomyi-turkawski-marceli-antoni?language=pl\">Wystawa etnograficzna Pokucia w Ko\u0142omyi<\/a>, Krak\u00f3w: czcionkami drukarni &#8222;Czasu&#8221;, 1880,<\/p>\n<p>zas\u00f3b Biblioteki \u015al\u0105skiej w Katowicach<\/p>\n<hr \/>\n<p>&nbsp;<\/p>\n","protected":false},"excerpt":{"rendered":"<p>Ko\u0142omyja Wystawa etnograficzna Pokucia w Ko\u0142omyi, katalog: Marceli Antoni Turkawski,\u00a0Wystawa etnograficzna Pokucia w Ko\u0142omyi, Krak\u00f3w: czcionkami drukarni &#8222;Czasu&#8221;, 1880, zas\u00f3b Biblioteki \u015al\u0105skiej w Katowicach &nbsp;<\/p>\n","protected":false},"author":1,"featured_media":0,"comment_status":"open","ping_status":"open","sticky":false,"template":"","format":"standard","meta":{"footnotes":""},"categories":[102,238],"tags":[],"class_list":["post-1706","post","type-post","status-publish","format-standard","hentry","category-blog","category-katalogi-wystaw"],"aioseo_notices":[],"featured_image_src":" ","featured_image_src_square":" ","author_info":{"display_name":"Redaktor","author_link":"https:\/\/muzeumpamieci.umk.pl\/?author=1"},"category_info":"<a href=\"https:\/\/muzeumpamieci.umk.pl\/?cat=102\" rel=\"category\">Blog<\/a>, <a href=\"https:\/\/muzeumpamieci.umk.pl\/?cat=238\" rel=\"category\">KATALOGI WYSTAW<\/a>","tags_info":"","social_share_info":"<a data-share=\"facebook\" href=\"https:\/\/www.facebook.com\/sharer.php?u=https:\/\/muzeumpamieci.umk.pl\/?p=1706\" class=\"tb-facebook-share social-share-default tb-social-share\" target=\"_blank\"><i class=\"fab fa-facebook-f\" aria-hidden=\"true\"><\/i><\/a><a data-share=\"twitter\" href=\"https:\/\/twitter.com\/share?url=https:\/\/muzeumpamieci.umk.pl\/?p=1706\" class=\"tb-twiiter-share social-share-default tb-social-share\" target=\"_blank\"><i class=\"fab fa-twitter\" aria-hidden=\"true\"><\/i><\/a><a data-share=\"linkedin\" href=\"https:\/\/www.linkedin.com\/shareArticle?url=https:\/\/muzeumpamieci.umk.pl\/?p=1706\" class=\"tb-linkedin-share social-share-default tb-social-share\" target=\"_blank\"><i class=\"fab fa-linkedin-in\" aria-hidden=\"true\"><\/i><\/a>","wordExcerpt_info":"<p><img class=\" wp-image-1052 alignright\" src=\"http:\/\/muzeumpamieci.umk.pl\/wp-content\/uploads\/2016\/10\/Dokument-DjVu-1-192x300.jpg\" alt=\"Dokument DjVu\" width=\"100\" height=\"157\" \/>Ko\u0142omyja<\/p>\n<p>Wystawa etnograficzna Pokucia w Ko\u0142omyi, katalog: Marceli Antoni Turkawski,\u00a0<a href=\"https:\/\/sbc.org.pl\/dlibra\/publication\/20386\/edition\/18840\/wystawa-etnograficzna-pokucia-w-kolomyi-turkawski-marceli-antoni?language=pl\">Wystawa etnograficzna Pokucia w Ko\u0142omyi<\/a>, Krak\u00f3w: czcionkami drukarni &#8222;Czasu&#8221;, 1880,<\/p>\n<p>zas\u00f3b Biblioteki \u015al\u0105skiej w Katowicach<\/p>\n<hr \/>\n<p>&nbsp;<\/p>\n","comment_info":"0","_links":{"self":[{"href":"https:\/\/muzeumpamieci.umk.pl\/index.php?rest_route=\/wp\/v2\/posts\/1706","targetHints":{"allow":["GET"]}}],"collection":[{"href":"https:\/\/muzeumpamieci.umk.pl\/index.php?rest_route=\/wp\/v2\/posts"}],"about":[{"href":"https:\/\/muzeumpamieci.umk.pl\/index.php?rest_route=\/wp\/v2\/types\/post"}],"author":[{"embeddable":true,"href":"https:\/\/muzeumpamieci.umk.pl\/index.php?rest_route=\/wp\/v2\/users\/1"}],"replies":[{"embeddable":true,"href":"https:\/\/muzeumpamieci.umk.pl\/index.php?rest_route=%2Fwp%2Fv2%2Fcomments&post=1706"}],"version-history":[{"count":1,"href":"https:\/\/muzeumpamieci.umk.pl\/index.php?rest_route=\/wp\/v2\/posts\/1706\/revisions"}],"predecessor-version":[{"id":1707,"href":"https:\/\/muzeumpamieci.umk.pl\/index.php?rest_route=\/wp\/v2\/posts\/1706\/revisions\/1707"}],"wp:attachment":[{"href":"https:\/\/muzeumpamieci.umk.pl\/index.php?rest_route=%2Fwp%2Fv2%2Fmedia&parent=1706"}],"wp:term":[{"taxonomy":"category","embeddable":true,"href":"https:\/\/muzeumpamieci.umk.pl\/index.php?rest_route=%2Fwp%2Fv2%2Fcategories&post=1706"},{"taxonomy":"post_tag","embeddable":true,"href":"https:\/\/muzeumpamieci.umk.pl\/index.php?rest_route=%2Fwp%2Fv2%2Ftags&post=1706"}],"curies":[{"name":"wp","href":"https:\/\/api.w.org\/{rel}","templated":true}]}}