{"id":1520,"date":"2017-04-12T16:55:00","date_gmt":"2017-04-12T14:55:00","guid":{"rendered":"http:\/\/muzeumpamieci.umk.pl\/?p=1520"},"modified":"2018-09-16T18:29:20","modified_gmt":"2018-09-16T16:29:20","slug":"kazimierz-stolyhwo-1880-1960","status":"publish","type":"post","link":"https:\/\/muzeumpamieci.umk.pl\/?p=1520","title":{"rendered":"Sto\u0142yhwo Kazimierz (1880-1960)"},"content":{"rendered":"<p><img fetchpriority=\"high\" decoding=\"async\" class=\"size-medium wp-image-1821 alignright\" src=\"http:\/\/muzeumpamieci.umk.pl\/wp-content\/uploads\/2017\/04\/12-255x300.png\" alt=\"\" width=\"255\" height=\"300\" srcset=\"https:\/\/muzeumpamieci.umk.pl\/wp-content\/uploads\/2017\/04\/12-255x300.png 255w, https:\/\/muzeumpamieci.umk.pl\/wp-content\/uploads\/2017\/04\/12.png 348w\" sizes=\"(max-width: 255px) 100vw, 255px\" \/>antropolog, kierownik Pracowni Antropologicznej przy Muzeum Przemys\u0142u i Rolnictwa w Warszawie, tw\u00f3rca Muzeum Antropologicznego przy warszawskim Towarzystwie Naukowym. Autor koncepcji muzeum przyrodniczego w Warszawie, od 1915 kurator Gabinetu Archeologicznego d. Cesarskiego Uniwersytetu Warszawskiego.<\/p>\n<p>Na ilustracji: Kazimierz Sto\u0142yhwo, fot. Archiwum Ilustracji WN PWN SA, Wydawnictwo Naukowe PWN, \u017ar\u00f3d\u0142o: Encyklopedia PWN, has\u0142o: <a href=\"https:\/\/encyklopedia.pwn.pl\/haslo\/Stolyhwo-Kazimierz;3979935.html#prettyPhoto\">Sto\u0142yhwo Kazimierz<\/a><\/p>\n<p>Na temat dzia\u0142alno\u015bci prof. Sto\u0142yhwy zob. m.in.<\/p>\n<p>Krzysztof Kaczanowski, Monika Guratowska, <span class=\"st\"><a href=\"http:\/\/mazowsze.hist.pl\/35\/Rocznik_Towarzystwa_Naukowego_Warszawskiego\/765\/2006\/26561\/\"><em>Kazimierz Sto\u0142yhwo<\/em> (<em>1880-1966) &#8211; w 40<\/em>. <em>rocznic\u0119 \u015bmierci<\/em>,<\/a> Rocznik Towarzystwa Naukowego Warszawskiego, 2006, 46-53.<\/span><\/p>\n<p style=\"text-align: right;\">[ato]<\/p>\n","protected":false},"excerpt":{"rendered":"<p>antropolog, kierownik Pracowni Antropologicznej przy Muzeum Przemys\u0142u i Rolnictwa w Warszawie, tw\u00f3rca Muzeum Antropologicznego przy warszawskim Towarzystwie Naukowym. Autor koncepcji muzeum przyrodniczego w Warszawie, od 1915 kurator Gabinetu Archeologicznego d. Cesarskiego Uniwersytetu Warszawskiego. Na ilustracji: Kazimierz Sto\u0142yhwo, fot. Archiwum Ilustracji WN PWN SA, Wydawnictwo Naukowe PWN, \u017ar\u00f3d\u0142o: Encyklopedia PWN, has\u0142o: Sto\u0142yhwo Kazimierz Na temat dzia\u0142alno\u015bci&hellip; <\/p>\n","protected":false},"author":3,"featured_media":0,"comment_status":"open","ping_status":"open","sticky":false,"template":"","format":"standard","meta":{"footnotes":""},"categories":[102,155],"tags":[],"class_list":["post-1520","post","type-post","status-publish","format-standard","hentry","category-blog","category-muzealnicy-i-badacze"],"aioseo_notices":[],"featured_image_src":" ","featured_image_src_square":" ","author_info":{"display_name":"Aldona To\u0142ysz","author_link":"https:\/\/muzeumpamieci.umk.pl\/?author=3"},"category_info":"<a href=\"https:\/\/muzeumpamieci.umk.pl\/?cat=102\" rel=\"category\">Blog<\/a>, <a href=\"https:\/\/muzeumpamieci.umk.pl\/?cat=155\" rel=\"category\">MUZEALNICY I BADACZE<\/a>","tags_info":"","social_share_info":"<a data-share=\"facebook\" href=\"https:\/\/www.facebook.com\/sharer.php?u=https:\/\/muzeumpamieci.umk.pl\/?p=1520\" class=\"tb-facebook-share social-share-default tb-social-share\" target=\"_blank\"><i class=\"fab fa-facebook-f\" aria-hidden=\"true\"><\/i><\/a><a data-share=\"twitter\" href=\"https:\/\/twitter.com\/share?url=https:\/\/muzeumpamieci.umk.pl\/?p=1520\" class=\"tb-twiiter-share social-share-default tb-social-share\" target=\"_blank\"><i class=\"fab fa-twitter\" aria-hidden=\"true\"><\/i><\/a><a data-share=\"linkedin\" href=\"https:\/\/www.linkedin.com\/shareArticle?url=https:\/\/muzeumpamieci.umk.pl\/?p=1520\" class=\"tb-linkedin-share social-share-default tb-social-share\" target=\"_blank\"><i class=\"fab fa-linkedin-in\" aria-hidden=\"true\"><\/i><\/a>","wordExcerpt_info":"<p><img class=\"size-medium wp-image-1821 alignright\" src=\"http:\/\/muzeumpamieci.umk.pl\/wp-content\/uploads\/2017\/04\/12-255x300.png\" alt=\"\" width=\"255\" height=\"300\" \/>antropolog, kierownik Pracowni Antropologicznej przy Muzeum Przemys\u0142u i Rolnictwa w Warszawie, tw\u00f3rca Muzeum Antropologicznego przy warszawskim Towarzystwie Naukowym. Autor koncepcji muzeum przyrodniczego w Warszawie, od 1915 kurator Gabinetu Archeologicznego d. Cesarskiego Uniwersytetu Warszawskiego.<\/p>\n<p>Na ilustracji: Kazimierz Sto\u0142yhwo, fot. Archiwum Ilustracji WN PWN SA, Wydawnictwo Naukowe PWN, \u017ar\u00f3d\u0142o: Encyklopedia PWN, has\u0142o: <a href=\"https:\/\/encyklopedia.pwn.pl\/haslo\/Stolyhwo-Kazimierz;3979935.html#prettyPhoto\">Sto\u0142yhwo Kazimierz<\/a><\/p>\n<p>Na temat dzia\u0142alno\u015bci prof. Sto\u0142yhwy zob. m.in.<\/p>\n<p>Krzysztof Kaczanowski, Monika Guratowska, <span class=\"st\"><a href=\"http:\/\/mazowsze.hist.pl\/35\/Rocznik_Towarzystwa_Naukowego_Warszawskiego\/765\/2006\/26561\/\"><em>Kazimierz Sto\u0142yhwo<\/em> (<em>1880-1966) &#8211; w 40<\/em>. <em>rocznic\u0119 \u015bmierci<\/em>,<\/a> Rocznik Towarzystwa Naukowego Warszawskiego, 2006, 46-53.<\/span><\/p>\n<p style=\"text-align: right\">[ato]<\/p>\n","comment_info":"0","_links":{"self":[{"href":"https:\/\/muzeumpamieci.umk.pl\/index.php?rest_route=\/wp\/v2\/posts\/1520","targetHints":{"allow":["GET"]}}],"collection":[{"href":"https:\/\/muzeumpamieci.umk.pl\/index.php?rest_route=\/wp\/v2\/posts"}],"about":[{"href":"https:\/\/muzeumpamieci.umk.pl\/index.php?rest_route=\/wp\/v2\/types\/post"}],"author":[{"embeddable":true,"href":"https:\/\/muzeumpamieci.umk.pl\/index.php?rest_route=\/wp\/v2\/users\/3"}],"replies":[{"embeddable":true,"href":"https:\/\/muzeumpamieci.umk.pl\/index.php?rest_route=%2Fwp%2Fv2%2Fcomments&post=1520"}],"version-history":[{"count":6,"href":"https:\/\/muzeumpamieci.umk.pl\/index.php?rest_route=\/wp\/v2\/posts\/1520\/revisions"}],"predecessor-version":[{"id":2762,"href":"https:\/\/muzeumpamieci.umk.pl\/index.php?rest_route=\/wp\/v2\/posts\/1520\/revisions\/2762"}],"wp:attachment":[{"href":"https:\/\/muzeumpamieci.umk.pl\/index.php?rest_route=%2Fwp%2Fv2%2Fmedia&parent=1520"}],"wp:term":[{"taxonomy":"category","embeddable":true,"href":"https:\/\/muzeumpamieci.umk.pl\/index.php?rest_route=%2Fwp%2Fv2%2Fcategories&post=1520"},{"taxonomy":"post_tag","embeddable":true,"href":"https:\/\/muzeumpamieci.umk.pl\/index.php?rest_route=%2Fwp%2Fv2%2Ftags&post=1520"}],"curies":[{"name":"wp","href":"https:\/\/api.w.org\/{rel}","templated":true}]}}