{"id":131,"date":"2016-10-04T00:14:23","date_gmt":"2016-10-03T22:14:23","guid":{"rendered":"http:\/\/muzeumpamieci.umk.pl\/?p=131"},"modified":"2021-02-17T13:12:33","modified_gmt":"2021-02-17T12:12:33","slug":"ii-seminarium-muzealnicze-fotorelacja","status":"publish","type":"post","link":"https:\/\/muzeumpamieci.umk.pl\/?p=131","title":{"rendered":"II Seminarium Muzealnicze: fotorelacja (1.10.2017)"},"content":{"rendered":"\n<pre class=\"wp-block-verse has-text-align-right\">4.10.2016 | MB<\/pre>\n\n\n<p>Fotorelacja z II SEMINARIUM MUZEALNICZEGO, po\u015bwi\u0119conego prowadzeniu bada\u0144 archiwalnych i kwerend naukowych. Do seminarium zaproszeni zostali: dr hab. Piotr Oli\u0144ski, prof. UMK i dr hab. Dariusz D\u0105browski, prof. UMW<\/p>\n<p>1 pa\u017adziernika 2016 r.<\/p>\n<p><a href=\"http:\/\/muzeumpamieci.umk.pl\/wp-content\/uploads\/2016\/10\/DSC07567.jpg\"><img decoding=\"async\" class=\"alignleft size-thumbnail wp-image-148\" src=\"http:\/\/muzeumpamieci.umk.pl\/wp-content\/uploads\/2016\/10\/DSC07567-150x150.jpg\" alt=\"II Seminarium Muzealnicze\" width=\"150\" height=\"150\"><\/a> <a href=\"http:\/\/muzeumpamieci.umk.pl\/wp-content\/uploads\/2016\/10\/DSC07562.jpg\"><img decoding=\"async\" class=\"alignleft size-thumbnail wp-image-147\" src=\"http:\/\/muzeumpamieci.umk.pl\/wp-content\/uploads\/2016\/10\/DSC07562-150x150.jpg\" alt=\"II Seminarium Muzealnicze\" width=\"150\" height=\"150\"><\/a> <a href=\"http:\/\/muzeumpamieci.umk.pl\/wp-content\/uploads\/2016\/10\/DSC07572.jpg\"><img decoding=\"async\" class=\"alignleft size-thumbnail wp-image-149\" src=\"http:\/\/muzeumpamieci.umk.pl\/wp-content\/uploads\/2016\/10\/DSC07572-150x150.jpg\" alt=\"II Seminarium Muzealnicze\" width=\"150\" height=\"150\"><\/a> <a href=\"http:\/\/muzeumpamieci.umk.pl\/wp-content\/uploads\/2016\/10\/DSC07560.jpg\"><img loading=\"lazy\" decoding=\"async\" class=\"alignleft size-thumbnail wp-image-146\" src=\"http:\/\/muzeumpamieci.umk.pl\/wp-content\/uploads\/2016\/10\/DSC07560-150x150.jpg\" alt=\"II Seminarium Muzealnicze\" width=\"150\" height=\"150\"><\/a> <a href=\"http:\/\/muzeumpamieci.umk.pl\/wp-content\/uploads\/2016\/10\/DSC07556.jpg\"><img loading=\"lazy\" decoding=\"async\" class=\"alignleft size-thumbnail wp-image-145\" src=\"http:\/\/muzeumpamieci.umk.pl\/wp-content\/uploads\/2016\/10\/DSC07556-150x150.jpg\" alt=\"II Seminarium Muzealnicze\" width=\"150\" height=\"150\"><\/a> <a href=\"http:\/\/muzeumpamieci.umk.pl\/wp-content\/uploads\/2016\/10\/DSC07547.jpg\"><img loading=\"lazy\" decoding=\"async\" class=\"alignleft size-thumbnail wp-image-144\" src=\"http:\/\/muzeumpamieci.umk.pl\/wp-content\/uploads\/2016\/10\/DSC07547-150x150.jpg\" alt=\"II Seminarium Muzealnicze\" width=\"150\" height=\"150\"><\/a> <a href=\"http:\/\/muzeumpamieci.umk.pl\/wp-content\/uploads\/2016\/10\/DSC07545.jpg\"><img loading=\"lazy\" decoding=\"async\" class=\"alignleft size-thumbnail wp-image-143\" src=\"http:\/\/muzeumpamieci.umk.pl\/wp-content\/uploads\/2016\/10\/DSC07545-150x150.jpg\" alt=\"II Seminarium Muzealnicze\" width=\"150\" height=\"150\"><\/a> <a href=\"http:\/\/muzeumpamieci.umk.pl\/wp-content\/uploads\/2016\/10\/DSC07543.jpg\"><img loading=\"lazy\" decoding=\"async\" class=\"alignleft size-thumbnail wp-image-142\" src=\"http:\/\/muzeumpamieci.umk.pl\/wp-content\/uploads\/2016\/10\/DSC07543-150x150.jpg\" alt=\"II Seminarium Muzealnicze\" width=\"150\" height=\"150\"><\/a> <a href=\"http:\/\/muzeumpamieci.umk.pl\/wp-content\/uploads\/2016\/10\/DSC07539.jpg\"><img loading=\"lazy\" decoding=\"async\" class=\"alignleft size-thumbnail wp-image-141\" src=\"http:\/\/muzeumpamieci.umk.pl\/wp-content\/uploads\/2016\/10\/DSC07539-150x150.jpg\" alt=\"II Seminarium Muzealnicze\" width=\"150\" height=\"150\"><\/a> <a href=\"http:\/\/muzeumpamieci.umk.pl\/wp-content\/uploads\/2016\/10\/DSC07536.jpg\"><img loading=\"lazy\" decoding=\"async\" class=\"alignleft size-thumbnail wp-image-140\" src=\"http:\/\/muzeumpamieci.umk.pl\/wp-content\/uploads\/2016\/10\/DSC07536-150x150.jpg\" alt=\"II Seminarium Muzealnicze\" width=\"150\" height=\"150\"><\/a> <a href=\"http:\/\/muzeumpamieci.umk.pl\/wp-content\/uploads\/2016\/10\/DSC07535.jpg\"><img loading=\"lazy\" decoding=\"async\" class=\"alignleft size-thumbnail wp-image-139\" src=\"http:\/\/muzeumpamieci.umk.pl\/wp-content\/uploads\/2016\/10\/DSC07535-150x150.jpg\" alt=\"II Seminarium Muzealnicze\" width=\"150\" height=\"150\"><\/a> <a href=\"http:\/\/muzeumpamieci.umk.pl\/wp-content\/uploads\/2016\/10\/DSC07529.jpg\"><img loading=\"lazy\" decoding=\"async\" class=\"alignleft size-thumbnail wp-image-138\" src=\"http:\/\/muzeumpamieci.umk.pl\/wp-content\/uploads\/2016\/10\/DSC07529-150x150.jpg\" alt=\"II Seminarium Muzealnicze\" width=\"150\" height=\"150\"><\/a> <a href=\"http:\/\/muzeumpamieci.umk.pl\/wp-content\/uploads\/2016\/10\/DSC07526.jpg\"><img loading=\"lazy\" decoding=\"async\" class=\"alignleft size-thumbnail wp-image-137\" src=\"http:\/\/muzeumpamieci.umk.pl\/wp-content\/uploads\/2016\/10\/DSC07526-150x150.jpg\" alt=\"II Seminarium Muzealnicze\" width=\"150\" height=\"150\"><\/a> <a href=\"http:\/\/muzeumpamieci.umk.pl\/wp-content\/uploads\/2016\/10\/DSC07525.jpg\"><img loading=\"lazy\" decoding=\"async\" class=\"alignleft size-thumbnail wp-image-136\" src=\"http:\/\/muzeumpamieci.umk.pl\/wp-content\/uploads\/2016\/10\/DSC07525-150x150.jpg\" alt=\"II Seminarium Muzealnicze\" width=\"150\" height=\"150\"><\/a> <a href=\"http:\/\/muzeumpamieci.umk.pl\/wp-content\/uploads\/2016\/10\/DSC07524.jpg\"><img loading=\"lazy\" decoding=\"async\" class=\"alignleft size-thumbnail wp-image-135\" src=\"http:\/\/muzeumpamieci.umk.pl\/wp-content\/uploads\/2016\/10\/DSC07524-150x150.jpg\" alt=\"II Seminarium Muzealnicze\" width=\"150\" height=\"150\"><\/a> <a href=\"http:\/\/muzeumpamieci.umk.pl\/wp-content\/uploads\/2016\/10\/DSC07523.jpg\"><img loading=\"lazy\" decoding=\"async\" class=\"alignleft size-thumbnail wp-image-134\" src=\"http:\/\/muzeumpamieci.umk.pl\/wp-content\/uploads\/2016\/10\/DSC07523-150x150.jpg\" alt=\"II Seminarium Muzealnicze\" width=\"150\" height=\"150\"><\/a> <a href=\"http:\/\/muzeumpamieci.umk.pl\/wp-content\/uploads\/2016\/10\/DSC07522.jpg\"><img loading=\"lazy\" decoding=\"async\" class=\"alignleft size-thumbnail wp-image-133\" src=\"http:\/\/muzeumpamieci.umk.pl\/wp-content\/uploads\/2016\/10\/DSC07522-150x150.jpg\" alt=\"II Seminarium Muzealnicze\" width=\"150\" height=\"150\"><\/a> <a href=\"http:\/\/muzeumpamieci.umk.pl\/wp-content\/uploads\/2016\/10\/DSC07521.jpg\"><img loading=\"lazy\" decoding=\"async\" class=\"alignleft size-thumbnail wp-image-132\" src=\"http:\/\/muzeumpamieci.umk.pl\/wp-content\/uploads\/2016\/10\/DSC07521-150x150.jpg\" alt=\"II Seminarium Muzealnicze\" width=\"150\" height=\"150\"><\/a><\/p>","protected":false},"excerpt":{"rendered":"<p>4.10.2016 | MB Fotorelacja z II SEMINARIUM MUZEALNICZEGO, po\u015bwi\u0119conego prowadzeniu bada\u0144 archiwalnych i kwerend naukowych. Do seminarium zaproszeni zostali: dr hab. Piotr Oli\u0144ski, prof. UMK i dr hab. Dariusz D\u0105browski, prof. UMW 1 pa\u017adziernika 2016 r.<\/p>\n","protected":false},"author":5,"featured_media":133,"comment_status":"open","ping_status":"open","sticky":false,"template":"","format":"standard","meta":{"footnotes":""},"categories":[6,3],"tags":[28,27],"class_list":["post-131","post","type-post","status-publish","format-standard","has-post-thumbnail","hentry","category-aktualnosci","category-seminarium-muzealnicze","tag-fotorelacja","tag-seminarium-muzealnicze"],"aioseo_notices":[],"featured_image_src":"https:\/\/muzeumpamieci.umk.pl\/wp-content\/uploads\/2016\/10\/DSC07522.jpg","featured_image_src_square":"https:\/\/muzeumpamieci.umk.pl\/wp-content\/uploads\/2016\/10\/DSC07522.jpg","author_info":{"display_name":"Ma\u0142gorzata Baka","author_link":"https:\/\/muzeumpamieci.umk.pl\/?author=5"},"category_info":"<a href=\"https:\/\/muzeumpamieci.umk.pl\/?cat=6\" rel=\"category\">Aktualno\u015bci<\/a>, <a href=\"https:\/\/muzeumpamieci.umk.pl\/?cat=3\" rel=\"category\">Seminarium Muzealnicze<\/a>","tags_info":"<a href=\"https:\/\/muzeumpamieci.umk.pl\/?tag=fotorelacja\" rel=\"tag\">fotorelacja<\/a>, <a href=\"https:\/\/muzeumpamieci.umk.pl\/?tag=seminarium-muzealnicze\" rel=\"tag\">seminarium muzealnicze<\/a>","social_share_info":"<a data-share=\"facebook\" href=\"https:\/\/www.facebook.com\/sharer.php?u=https:\/\/muzeumpamieci.umk.pl\/?p=131\" class=\"tb-facebook-share social-share-default tb-social-share\" target=\"_blank\"><i class=\"fab fa-facebook-f\" aria-hidden=\"true\"><\/i><\/a><a data-share=\"twitter\" href=\"https:\/\/twitter.com\/share?url=https:\/\/muzeumpamieci.umk.pl\/?p=131\" class=\"tb-twiiter-share social-share-default tb-social-share\" target=\"_blank\"><i class=\"fab fa-twitter\" aria-hidden=\"true\"><\/i><\/a><a data-share=\"linkedin\" href=\"https:\/\/www.linkedin.com\/shareArticle?url=https:\/\/muzeumpamieci.umk.pl\/?p=131\" class=\"tb-linkedin-share social-share-default tb-social-share\" target=\"_blank\"><i class=\"fab fa-linkedin-in\" aria-hidden=\"true\"><\/i><\/a>","wordExcerpt_info":"<p><!-- wp:verse {\"textAlign\":\"right\"} --><\/p>\n<pre class=\"wp-block-verse has-text-align-right\">4.10.2016 | MB<\/pre>\n<p><!-- \/wp:verse --><\/p>\n<p>Fotorelacja z II SEMINARIUM MUZEALNICZEGO, po\u015bwi\u0119conego prowadzeniu bada\u0144 archiwalnych i kwerend naukowych. Do seminarium zaproszeni zostali: dr hab. Piotr Oli\u0144ski, prof. UMK i dr hab. Dariusz D\u0105browski, prof. UMW<\/p>\n<p>1 pa\u017adziernika 2016 r.<\/p>\n<p><a href=\"http:\/\/muzeumpamieci.umk.pl\/wp-content\/uploads\/2016\/10\/DSC07567.jpg\"><img class=\"alignleft size-thumbnail wp-image-148\" src=\"http:\/\/muzeumpamieci.umk.pl\/wp-content\/uploads\/2016\/10\/DSC07567-150x150.jpg\" alt=\"II Seminarium Muzealnicze\" width=\"150\" height=\"150\"><\/a> <a href=\"http:\/\/muzeumpamieci.umk.pl\/wp-content\/uploads\/2016\/10\/DSC07562.jpg\"><img class=\"alignleft size-thumbnail wp-image-147\" src=\"http:\/\/muzeumpamieci.umk.pl\/wp-content\/uploads\/2016\/10\/DSC07562-150x150.jpg\" alt=\"II Seminarium Muzealnicze\" width=\"150\" height=\"150\"><\/a> <a href=\"http:\/\/muzeumpamieci.umk.pl\/wp-content\/uploads\/2016\/10\/DSC07572.jpg\"><img class=\"alignleft size-thumbnail wp-image-149\" src=\"http:\/\/muzeumpamieci.umk.pl\/wp-content\/uploads\/2016\/10\/DSC07572-150x150.jpg\" alt=\"II Seminarium Muzealnicze\" width=\"150\" height=\"150\"><\/a> <a href=\"http:\/\/muzeumpamieci.umk.pl\/wp-content\/uploads\/2016\/10\/DSC07560.jpg\"><img loading=\"lazy\" class=\"alignleft size-thumbnail wp-image-146\" src=\"http:\/\/muzeumpamieci.umk.pl\/wp-content\/uploads\/2016\/10\/DSC07560-150x150.jpg\" alt=\"II Seminarium Muzealnicze\" width=\"150\" height=\"150\"><\/a> <a href=\"http:\/\/muzeumpamieci.umk.pl\/wp-content\/uploads\/2016\/10\/DSC07556.jpg\"><img loading=\"lazy\" class=\"alignleft size-thumbnail wp-image-145\" src=\"http:\/\/muzeumpamieci.umk.pl\/wp-content\/uploads\/2016\/10\/DSC07556-150x150.jpg\" alt=\"II Seminarium Muzealnicze\" width=\"150\" height=\"150\"><\/a> <a href=\"http:\/\/muzeumpamieci.umk.pl\/wp-content\/uploads\/2016\/10\/DSC07547.jpg\"><img loading=\"lazy\" class=\"alignleft size-thumbnail wp-image-144\" src=\"http:\/\/muzeumpamieci.umk.pl\/wp-content\/uploads\/2016\/10\/DSC07547-150x150.jpg\" alt=\"II Seminarium Muzealnicze\" width=\"150\" height=\"150\"><\/a> <a href=\"http:\/\/muzeumpamieci.umk.pl\/wp-content\/uploads\/2016\/10\/DSC07545.jpg\"><img loading=\"lazy\" class=\"alignleft size-thumbnail wp-image-143\" src=\"http:\/\/muzeumpamieci.umk.pl\/wp-content\/uploads\/2016\/10\/DSC07545-150x150.jpg\" alt=\"II Seminarium Muzealnicze\" width=\"150\" height=\"150\"><\/a> <a href=\"http:\/\/muzeumpamieci.umk.pl\/wp-content\/uploads\/2016\/10\/DSC07543.jpg\"><img loading=\"lazy\" class=\"alignleft size-thumbnail wp-image-142\" src=\"http:\/\/muzeumpamieci.umk.pl\/wp-content\/uploads\/2016\/10\/DSC07543-150x150.jpg\" alt=\"II Seminarium Muzealnicze\" width=\"150\" height=\"150\"><\/a> <a href=\"http:\/\/muzeumpamieci.umk.pl\/wp-content\/uploads\/2016\/10\/DSC07539.jpg\"><img loading=\"lazy\" class=\"alignleft size-thumbnail wp-image-141\" src=\"http:\/\/muzeumpamieci.umk.pl\/wp-content\/uploads\/2016\/10\/DSC07539-150x150.jpg\" alt=\"II Seminarium Muzealnicze\" width=\"150\" height=\"150\"><\/a> <a href=\"http:\/\/muzeumpamieci.umk.pl\/wp-content\/uploads\/2016\/10\/DSC07536.jpg\"><img loading=\"lazy\" class=\"alignleft size-thumbnail wp-image-140\" src=\"http:\/\/muzeumpamieci.umk.pl\/wp-content\/uploads\/2016\/10\/DSC07536-150x150.jpg\" alt=\"II Seminarium Muzealnicze\" width=\"150\" height=\"150\"><\/a> <a href=\"http:\/\/muzeumpamieci.umk.pl\/wp-content\/uploads\/2016\/10\/DSC07535.jpg\"><img loading=\"lazy\" class=\"alignleft size-thumbnail wp-image-139\" src=\"http:\/\/muzeumpamieci.umk.pl\/wp-content\/uploads\/2016\/10\/DSC07535-150x150.jpg\" alt=\"II Seminarium Muzealnicze\" width=\"150\" height=\"150\"><\/a> <a href=\"http:\/\/muzeumpamieci.umk.pl\/wp-content\/uploads\/2016\/10\/DSC07529.jpg\"><img loading=\"lazy\" class=\"alignleft size-thumbnail wp-image-138\" src=\"http:\/\/muzeumpamieci.umk.pl\/wp-content\/uploads\/2016\/10\/DSC07529-150x150.jpg\" alt=\"II Seminarium Muzealnicze\" width=\"150\" height=\"150\"><\/a> <a href=\"http:\/\/muzeumpamieci.umk.pl\/wp-content\/uploads\/2016\/10\/DSC07526.jpg\"><img loading=\"lazy\" class=\"alignleft size-thumbnail wp-image-137\" src=\"http:\/\/muzeumpamieci.umk.pl\/wp-content\/uploads\/2016\/10\/DSC07526-150x150.jpg\" alt=\"II Seminarium Muzealnicze\" width=\"150\" height=\"150\"><\/a> <a href=\"http:\/\/muzeumpamieci.umk.pl\/wp-content\/uploads\/2016\/10\/DSC07525.jpg\"><img loading=\"lazy\" class=\"alignleft size-thumbnail wp-image-136\" src=\"http:\/\/muzeumpamieci.umk.pl\/wp-content\/uploads\/2016\/10\/DSC07525-150x150.jpg\" alt=\"II Seminarium Muzealnicze\" width=\"150\" height=\"150\"><\/a> <a href=\"http:\/\/muzeumpamieci.umk.pl\/wp-content\/uploads\/2016\/10\/DSC07524.jpg\"><img loading=\"lazy\" class=\"alignleft size-thumbnail wp-image-135\" src=\"http:\/\/muzeumpamieci.umk.pl\/wp-content\/uploads\/2016\/10\/DSC07524-150x150.jpg\" alt=\"II Seminarium Muzealnicze\" width=\"150\" height=\"150\"><\/a> <a href=\"http:\/\/muzeumpamieci.umk.pl\/wp-content\/uploads\/2016\/10\/DSC07523.jpg\"><img loading=\"lazy\" class=\"alignleft size-thumbnail wp-image-134\" src=\"http:\/\/muzeumpamieci.umk.pl\/wp-content\/uploads\/2016\/10\/DSC07523-150x150.jpg\" alt=\"II Seminarium Muzealnicze\" width=\"150\" height=\"150\"><\/a> <a href=\"http:\/\/muzeumpamieci.umk.pl\/wp-content\/uploads\/2016\/10\/DSC07522.jpg\"><img loading=\"lazy\" class=\"alignleft size-thumbnail wp-image-133\" src=\"http:\/\/muzeumpamieci.umk.pl\/wp-content\/uploads\/2016\/10\/DSC07522-150x150.jpg\" alt=\"II Seminarium Muzealnicze\" width=\"150\" height=\"150\"><\/a> <a href=\"http:\/\/muzeumpamieci.umk.pl\/wp-content\/uploads\/2016\/10\/DSC07521.jpg\"><img loading=\"lazy\" class=\"alignleft size-thumbnail wp-image-132\" src=\"http:\/\/muzeumpamieci.umk.pl\/wp-content\/uploads\/2016\/10\/DSC07521-150x150.jpg\" alt=\"II Seminarium Muzealnicze\" width=\"150\" height=\"150\"><\/a><\/p>\n","comment_info":"0","_links":{"self":[{"href":"https:\/\/muzeumpamieci.umk.pl\/index.php?rest_route=\/wp\/v2\/posts\/131","targetHints":{"allow":["GET"]}}],"collection":[{"href":"https:\/\/muzeumpamieci.umk.pl\/index.php?rest_route=\/wp\/v2\/posts"}],"about":[{"href":"https:\/\/muzeumpamieci.umk.pl\/index.php?rest_route=\/wp\/v2\/types\/post"}],"author":[{"embeddable":true,"href":"https:\/\/muzeumpamieci.umk.pl\/index.php?rest_route=\/wp\/v2\/users\/5"}],"replies":[{"embeddable":true,"href":"https:\/\/muzeumpamieci.umk.pl\/index.php?rest_route=%2Fwp%2Fv2%2Fcomments&post=131"}],"version-history":[{"count":8,"href":"https:\/\/muzeumpamieci.umk.pl\/index.php?rest_route=\/wp\/v2\/posts\/131\/revisions"}],"predecessor-version":[{"id":6815,"href":"https:\/\/muzeumpamieci.umk.pl\/index.php?rest_route=\/wp\/v2\/posts\/131\/revisions\/6815"}],"wp:featuredmedia":[{"embeddable":true,"href":"https:\/\/muzeumpamieci.umk.pl\/index.php?rest_route=\/wp\/v2\/media\/133"}],"wp:attachment":[{"href":"https:\/\/muzeumpamieci.umk.pl\/index.php?rest_route=%2Fwp%2Fv2%2Fmedia&parent=131"}],"wp:term":[{"taxonomy":"category","embeddable":true,"href":"https:\/\/muzeumpamieci.umk.pl\/index.php?rest_route=%2Fwp%2Fv2%2Fcategories&post=131"},{"taxonomy":"post_tag","embeddable":true,"href":"https:\/\/muzeumpamieci.umk.pl\/index.php?rest_route=%2Fwp%2Fv2%2Ftags&post=131"}],"curies":[{"name":"wp","href":"https:\/\/api.w.org\/{rel}","templated":true}]}}