{"id":1299,"date":"2018-02-15T08:28:21","date_gmt":"2018-02-15T07:28:21","guid":{"rendered":"http:\/\/muzeumpamieci.umk.pl\/?p=1299"},"modified":"2018-03-28T18:27:00","modified_gmt":"2018-03-28T16:27:00","slug":"wystawa-metalowa-w-warszawie-1895","status":"publish","type":"post","link":"https:\/\/muzeumpamieci.umk.pl\/?p=1299","title":{"rendered":"1895 &#8211; Warszawa, Wystawa Metalowa"},"content":{"rendered":"<hr \/>\n<p>W 1895 roku w gmachu nieistniej\u0105cego ju\u017c dzi\u015b gmachu cyrkowego przy ulicy Ordynackiej (wyb. w 1883 roku wg projektu Wincentego Rakiewicza, obecnie w tym miejscu znajduje si\u0119 budynek Uniwersytetu Muzycznego Fryderyka Chopina), zorganizowana zosta\u0142a &#8222;Wystaw Metalowa&#8221; obejmuj\u0105ca szeroki zakres metalowych przedmiot\u00f3w &#8211; od krat i \u017cyrandoli po zabawki i instrumenty muzyczne. Celem ekspozycji by\u0142o &#8222;rozja\u015bnienie r\u00f3\u017cnicy mi\u0119dzy wyrobami zagranicznemi a swojskiemi&#8221;.<\/p>\n<p>Dla zapewnienia rozrywki wszystkim zwiedzaj\u0105cym w obr\u0119b ekspozycji w\u0142\u0105czono ogr\u00f3d nale\u017c\u0105cy do konserwatorium muzycznego, gdzie ustawiono \u0142awki i organizowano koncerty muzyczne przy \u015bwietle elektrycznym. Na terenie wystawy urz\u0105dzono kawiarnie i restauracj\u0119, funkcjonowa\u0142a tak\u017ce studia artezyjska, a na pami\u0105tk\u0119 mo\u017cna by\u0142o naby\u0107 okazjonaln\u0105 szklank\u0119<\/p>\n<p>Na wystaw\u0119 sk\u0142ada\u0142o si\u0119 10 dzia\u0142\u00f3w:<br \/>\n&#8211; wyroby z \u017celaza, stali, mosi\u0105dzu, miedzi, cyny i t.p.<br \/>\n&#8211; wyroby z br\u0105zu i odlewy z alia\u017c\u00f3w (stop\u00f3w metali)<br \/>\n&#8211; wyroby ze z\u0142ota, srebra, platyny<br \/>\n&#8211; instrumenty i przyrz\u0105dy<br \/>\n&#8211; aparaty i przyrz\u0105dy elektrotechniczne i galwanoplastyczne<br \/>\n&#8211; instrumenty muzyczne<br \/>\n&#8211; zabawki dziecinne z wszelkiego rodzaju metali i mieszanin<br \/>\n&#8211; welocypedy (\u00f3wczesne rowery), maszyny do szycia i tym podobne<br \/>\n&#8211; narz\u0119dzia, przybory i przedmioty dla stra\u017cy ogniowej<br \/>\n&#8211; motory gazowe, parowe, naftowe, hydrauliczne, powietrzne, i t.p.<\/p>\n<p>Wi\u0119cej na temat wystawy:<br \/>\nW.K., Wystawa Metalowa, W\u0119drowiec 1895, r. 33, nr 21, s.411-412<br \/>\nW.K., Wystawa Metalowa, W\u0119drowiec 1895, r. 33, nr 22, s.435-436<br \/>\nW.K., Wystawa Metalowa, W\u0119drowiec 1895, r. 33, nr 23, s.445-446<br \/>\nW.K., Wystawa Metalowa, W\u0119drowiec 1895, r. 33, nr 24, s.468<\/p>\n<p><img fetchpriority=\"high\" decoding=\"async\" class=\"size-medium wp-image-1300 aligncenter\" src=\"http:\/\/muzeumpamieci.umk.pl\/wp-content\/uploads\/2018\/02\/wyst-1895-218x300.jpg\" alt=\"wyst 1895\" width=\"218\" height=\"300\" srcset=\"https:\/\/muzeumpamieci.umk.pl\/wp-content\/uploads\/2018\/02\/wyst-1895-218x300.jpg 218w, https:\/\/muzeumpamieci.umk.pl\/wp-content\/uploads\/2018\/02\/wyst-1895.jpg 530w\" sizes=\"(max-width: 218px) 100vw, 218px\" \/><br \/>\nIlustracja pochodzi z czasopisma W\u0119drowiec 1895, r. 33, nr 22, s.436<\/p>\n<p style=\"text-align: right;\">[ato]<\/p>\n<hr \/>\n<p style=\"text-align: right;\">\n","protected":false},"excerpt":{"rendered":"<p>W 1895 roku w gmachu nieistniej\u0105cego ju\u017c dzi\u015b gmachu cyrkowego przy ulicy Ordynackiej (wyb. w 1883 roku wg projektu Wincentego Rakiewicza, obecnie w tym miejscu znajduje si\u0119 budynek Uniwersytetu Muzycznego Fryderyka Chopina), zorganizowana zosta\u0142a &#8222;Wystaw Metalowa&#8221; obejmuj\u0105ca szeroki zakres metalowych przedmiot\u00f3w &#8211; od krat i \u017cyrandoli po zabawki i instrumenty muzyczne. Celem ekspozycji by\u0142o &#8222;rozja\u015bnienie&hellip; <\/p>\n","protected":false},"author":3,"featured_media":1301,"comment_status":"open","ping_status":"open","sticky":false,"template":"","format":"standard","meta":{"footnotes":""},"categories":[102,154],"tags":[164,163,160,145],"class_list":["post-1299","post","type-post","status-publish","format-standard","has-post-thumbnail","hentry","category-blog","category-wystawy","tag-164","tag-metalowa","tag-warszawa","tag-wystawa-przemyslowa"],"aioseo_notices":[],"featured_image_src":"https:\/\/muzeumpamieci.umk.pl\/wp-content\/uploads\/2018\/02\/wyst-1895-1.jpg","featured_image_src_square":"https:\/\/muzeumpamieci.umk.pl\/wp-content\/uploads\/2018\/02\/wyst-1895-1.jpg","author_info":{"display_name":"Aldona To\u0142ysz","author_link":"https:\/\/muzeumpamieci.umk.pl\/?author=3"},"category_info":"<a href=\"https:\/\/muzeumpamieci.umk.pl\/?cat=102\" rel=\"category\">Blog<\/a>, <a href=\"https:\/\/muzeumpamieci.umk.pl\/?cat=154\" rel=\"category\">WYSTAWY<\/a>","tags_info":"<a href=\"https:\/\/muzeumpamieci.umk.pl\/?tag=1895\" rel=\"tag\">1895<\/a>, <a href=\"https:\/\/muzeumpamieci.umk.pl\/?tag=metalowa\" rel=\"tag\">metalowa<\/a>, <a href=\"https:\/\/muzeumpamieci.umk.pl\/?tag=warszawa\" rel=\"tag\">Warszawa<\/a>, <a href=\"https:\/\/muzeumpamieci.umk.pl\/?tag=wystawa-przemyslowa\" rel=\"tag\">wystawa przemys\u0142owa<\/a>","social_share_info":"<a data-share=\"facebook\" href=\"https:\/\/www.facebook.com\/sharer.php?u=https:\/\/muzeumpamieci.umk.pl\/?p=1299\" class=\"tb-facebook-share social-share-default tb-social-share\" target=\"_blank\"><i class=\"fab fa-facebook-f\" aria-hidden=\"true\"><\/i><\/a><a data-share=\"twitter\" href=\"https:\/\/twitter.com\/share?url=https:\/\/muzeumpamieci.umk.pl\/?p=1299\" class=\"tb-twiiter-share social-share-default tb-social-share\" target=\"_blank\"><i class=\"fab fa-twitter\" aria-hidden=\"true\"><\/i><\/a><a data-share=\"linkedin\" href=\"https:\/\/www.linkedin.com\/shareArticle?url=https:\/\/muzeumpamieci.umk.pl\/?p=1299\" class=\"tb-linkedin-share social-share-default tb-social-share\" target=\"_blank\"><i class=\"fab fa-linkedin-in\" aria-hidden=\"true\"><\/i><\/a>","wordExcerpt_info":"<hr \/>\n<p>W 1895 roku w gmachu nieistniej\u0105cego ju\u017c dzi\u015b gmachu cyrkowego przy ulicy Ordynackiej (wyb. w 1883 roku wg projektu Wincentego Rakiewicza, obecnie w tym miejscu znajduje si\u0119 budynek Uniwersytetu Muzycznego Fryderyka Chopina), zorganizowana zosta\u0142a &#8222;Wystaw Metalowa&#8221; obejmuj\u0105ca szeroki zakres metalowych przedmiot\u00f3w &#8211; od krat i \u017cyrandoli po zabawki i instrumenty muzyczne. Celem ekspozycji by\u0142o &#8222;rozja\u015bnienie r\u00f3\u017cnicy mi\u0119dzy wyrobami zagranicznemi a swojskiemi&#8221;.<\/p>\n<p>Dla zapewnienia rozrywki wszystkim zwiedzaj\u0105cym w obr\u0119b ekspozycji w\u0142\u0105czono ogr\u00f3d nale\u017c\u0105cy do konserwatorium muzycznego, gdzie ustawiono \u0142awki i organizowano koncerty muzyczne przy \u015bwietle elektrycznym. Na terenie wystawy urz\u0105dzono kawiarnie i restauracj\u0119, funkcjonowa\u0142a tak\u017ce studia artezyjska, a na pami\u0105tk\u0119 mo\u017cna by\u0142o naby\u0107 okazjonaln\u0105 szklank\u0119<\/p>\n<p>Na wystaw\u0119 sk\u0142ada\u0142o si\u0119 10 dzia\u0142\u00f3w:<br \/>\n&#8211; wyroby z \u017celaza, stali, mosi\u0105dzu, miedzi, cyny i t.p.<br \/>\n&#8211; wyroby z br\u0105zu i odlewy z alia\u017c\u00f3w (stop\u00f3w metali)<br \/>\n&#8211; wyroby ze z\u0142ota, srebra, platyny<br \/>\n&#8211; instrumenty i przyrz\u0105dy<br \/>\n&#8211; aparaty i przyrz\u0105dy elektrotechniczne i galwanoplastyczne<br \/>\n&#8211; instrumenty muzyczne<br \/>\n&#8211; zabawki dziecinne z wszelkiego rodzaju metali i mieszanin<br \/>\n&#8211; welocypedy (\u00f3wczesne rowery), maszyny do szycia i tym podobne<br \/>\n&#8211; narz\u0119dzia, przybory i przedmioty dla stra\u017cy ogniowej<br \/>\n&#8211; motory gazowe, parowe, naftowe, hydrauliczne, powietrzne, i t.p.<\/p>\n<p>Wi\u0119cej na temat wystawy:<br \/>\nW.K., Wystawa Metalowa, W\u0119drowiec 1895, r. 33, nr 21, s.411-412<br \/>\nW.K., Wystawa Metalowa, W\u0119drowiec 1895, r. 33, nr 22, s.435-436<br \/>\nW.K., Wystawa Metalowa, W\u0119drowiec 1895, r. 33, nr 23, s.445-446<br \/>\nW.K., Wystawa Metalowa, W\u0119drowiec 1895, r. 33, nr 24, s.468<\/p>\n<p><img class=\"size-medium wp-image-1300 aligncenter\" src=\"http:\/\/muzeumpamieci.umk.pl\/wp-content\/uploads\/2018\/02\/wyst-1895-218x300.jpg\" alt=\"wyst 1895\" width=\"218\" height=\"300\" \/><br \/>\nIlustracja pochodzi z czasopisma W\u0119drowiec 1895, r. 33, nr 22, s.436<\/p>\n<p style=\"text-align: right\">[ato]<\/p>\n<hr \/>\n<p style=\"text-align: right\">\n","comment_info":"0","_links":{"self":[{"href":"https:\/\/muzeumpamieci.umk.pl\/index.php?rest_route=\/wp\/v2\/posts\/1299","targetHints":{"allow":["GET"]}}],"collection":[{"href":"https:\/\/muzeumpamieci.umk.pl\/index.php?rest_route=\/wp\/v2\/posts"}],"about":[{"href":"https:\/\/muzeumpamieci.umk.pl\/index.php?rest_route=\/wp\/v2\/types\/post"}],"author":[{"embeddable":true,"href":"https:\/\/muzeumpamieci.umk.pl\/index.php?rest_route=\/wp\/v2\/users\/3"}],"replies":[{"embeddable":true,"href":"https:\/\/muzeumpamieci.umk.pl\/index.php?rest_route=%2Fwp%2Fv2%2Fcomments&post=1299"}],"version-history":[{"count":5,"href":"https:\/\/muzeumpamieci.umk.pl\/index.php?rest_route=\/wp\/v2\/posts\/1299\/revisions"}],"predecessor-version":[{"id":1945,"href":"https:\/\/muzeumpamieci.umk.pl\/index.php?rest_route=\/wp\/v2\/posts\/1299\/revisions\/1945"}],"wp:featuredmedia":[{"embeddable":true,"href":"https:\/\/muzeumpamieci.umk.pl\/index.php?rest_route=\/wp\/v2\/media\/1301"}],"wp:attachment":[{"href":"https:\/\/muzeumpamieci.umk.pl\/index.php?rest_route=%2Fwp%2Fv2%2Fmedia&parent=1299"}],"wp:term":[{"taxonomy":"category","embeddable":true,"href":"https:\/\/muzeumpamieci.umk.pl\/index.php?rest_route=%2Fwp%2Fv2%2Fcategories&post=1299"},{"taxonomy":"post_tag","embeddable":true,"href":"https:\/\/muzeumpamieci.umk.pl\/index.php?rest_route=%2Fwp%2Fv2%2Ftags&post=1299"}],"curies":[{"name":"wp","href":"https:\/\/api.w.org\/{rel}","templated":true}]}}