{"id":1181,"date":"2018-01-02T10:23:22","date_gmt":"2018-01-02T09:23:22","guid":{"rendered":"http:\/\/muzeumpamieci.umk.pl\/?p=1181"},"modified":"2018-05-29T17:56:25","modified_gmt":"2018-05-29T15:56:25","slug":"projekt-polskiego-muzeum-historii-naturalnej-w-warszawie-1918","status":"publish","type":"post","link":"https:\/\/muzeumpamieci.umk.pl\/?p=1181","title":{"rendered":"1918 &#8211; Warszawa, Projekt Polskiego Muzeum Historii Naturalnej"},"content":{"rendered":"<p>Koncepcja Kazimierza Sto\u0142yhwo (1880-1966) by\u0142a wypadkow\u0105 wcze\u015bniejszych pomys\u0142\u00f3w stworzenia muzeum przyrodniczego w Warszawie, w obliczu coraz bardziej realnej szansy na jej praktyczne powstanie. Muzeum Historii Naturalnej, wraz z Polskim Muzeum Ludoznawczym, mia\u0142oby by\u0107 centraln\u0105, rz\u0105dow\u0105 plac\u00f3wk\u0105 prowadz\u0105c\u0105 badania naukowe, inwentaryzacj\u0119 oraz ochron\u0119 zabytk\u00f3w polskiej przyrody, park\u00f3w narodowych i rezerwat\u00f3w. Zadania muzeum skupia\u0107 mia\u0142yby si\u0119 na gromadzeniu i przechowywaniu zbior\u00f3w do bada\u0144 naukowych oraz na popularyzowaniu wiedzy przyrodniczej w\u015br\u00f3d ca\u0142ego spo\u0142ecze\u0144stwa poprzez ekspozycje zawieraj\u0105ce oryginalne okazy naukowe, tablice, modele, odlewy, preparaty i pomoce naukowe zaopatrzone w w\u0142a\u015bciwie opracowany komentarz. Wg autora muzeum dzieli\u0107 powinno si\u0119 na 4 dzia\u0142y: zoologiczny, botaniczny, mineralogiczny, geologiczno-paleontologiczny, o wyra\u017anej autonomii w obr\u0119bie instytucji (odr\u0119bny dyrektor i Rady Muzealne).<\/p>\n<p>Odno\u015bnie do rozwi\u0105za\u0144 formalnych Sto\u0142yhwo odwo\u0142a\u0142 si\u0119 do pracy Domaniewskiego dodaj\u0105c, \u017ce muzeum powinno prowadzi\u0107 stacj\u0119 ornitologiczn\u0105 oraz hydro-biologiczn\u0105, obserwatorium meteorologiczno-aerologiczne i geofizyczne, prowadzi\u0107 opiek\u0119 nad instytutami naukowymi (m.in. meteorologii, kartografii, hydrografii, a tak\u017ce wsp\u00f3\u0142pracowa\u0107 \u015bci\u015ble z projektowanym pa\u0144stwowym Instytutem geologicznym przy Ministerstwie handlu. Sto\u0142yhwo zestawi\u0142 tak\u017ce przewidywane koszty utrzymania plac\u00f3wki (z rozbiciem na dzia\u0142y), podkre\u015blaj\u0105c jednak, \u017ce zadaniem najistotniejszym jest gromadzenie i w\u0142a\u015bciwe zabezpieczenie zbior\u00f3w, a tak\u017ce odrzucenie przypadkowej polityki na planowy i przemy\u015blany program dzia\u0142ania w zakresie muzealnictwa przyrodniczego.<\/p>\n<p>W 1919 roku powsta\u0142o pierwsze pa\u0144stwowe muzeum przyrodnicze w Warszawie pod nazw\u0105 Narodowe Muzeum Przyrodnicze, kt\u00f3re w znacznej mierze korzysta\u0142o z rozwi\u0105za\u0144 proponowanych w koncepcjach szczeg\u00f3lnie opracowanych w XX wieku. Wi\u0119kszo\u015b\u0107 z koncepcji podkre\u015bla\u0142o naukowy, a w drugiej kolejno\u015bci dydaktyczny charakter muzeum, co mia\u0142o zapewne wp\u0142yw na relatywnie nisk\u0105 popularno\u015b\u0107 idei w\u015br\u00f3d spo\u0142ecze\u0144stwa. W 1919 roku dzi\u0119ki postulowanemu w koncepcjach po\u0142\u0105czeniu zbior\u00f3w Gabinetu Zoologicznego Uniwersytetu Warszawskiego oraz Muzeum hr. Branickich we Frascati powsta\u0142o Narodowe Muzeum Przyrodnicze, przemianowane kolejno na Polskie Pa\u0144stwowe Muzeum Przyrodnicze (1921) oraz Pa\u0144stwowe Muzeum Zoologiczne (1928). W 1935 roku po\u017car strawi\u0142 poka\u017an\u0105 cz\u0119\u015b\u0107 zbior\u00f3w, co wp\u0142yn\u0119\u0142o w negatywny spos\u00f3b na dzia\u0142alno\u015b\u0107 naukow\u0105 i dydaktyczn\u0105 instytucji. Pomimo pr\u00f3b nie uda\u0142o si\u0119 przywr\u00f3ci\u0107 muzeum dawnej \u015bwietno\u015bci, a podpalenie siedziby przy ul. Wilczej 64 przez wojska niemieckie w 1944 roku przynios\u0142o kolejne straty. By\u0142 to jeden z argument\u00f3w, by w 1952 roku muzeum przesz\u0142o pod zarz\u0105d Polskiej Akademii Nauk, kt\u00f3ra istniej\u0105ce zbiory w\u0142\u0105czy\u0142a do zasobu Instytutu Zoologicznego PAN.<\/p>\n<p>Wi\u0119cej na temat projektu:<br \/>\nSto\u0142yhwo Kazimierz, 1918. W sprawie polskich instytucji pa\u0144stwowych maj\u0105cych na celu planowe badania krajoznawcze Pami\u0119tnik Fizyograficzny, t. 24, s. 1-10<br \/>\nZob. tak\u017ce:<br \/>\nBrz\u0119k Gabriel, aktualiz. i uzup. Jerzy Paw\u0142owski i Tomasz Majewski, Historia zoologii w Polsce: do drugiej wojny \u015bwiatowej, Krak\u00f3w: PAU 2007<br \/>\nFedorowicz Zygmunt, Feliksiak Stanis\u0142aw, 2016. 150-lecie Gabinetu Zoologicznego w Warszawie (1818\u20131968), Memorabilia zoologia, nr 1<br \/>\n<img fetchpriority=\"high\" decoding=\"async\" class=\"size-medium wp-image-1182 aligncenter\" src=\"http:\/\/muzeumpamieci.umk.pl\/wp-content\/uploads\/2018\/01\/Bez-tytu\u0142u-300x221.png\" alt=\"Bez\u00a0tytu\u0142u\" width=\"300\" height=\"221\" srcset=\"https:\/\/muzeumpamieci.umk.pl\/wp-content\/uploads\/2018\/01\/Bez-tytu\u0142u-300x221.png 300w, https:\/\/muzeumpamieci.umk.pl\/wp-content\/uploads\/2018\/01\/Bez-tytu\u0142u.png 637w\" sizes=\"(max-width: 300px) 100vw, 300px\" \/><\/p>\n<p>Na fotografii: Stra\u017cacy podczas gaszenia po\u017caru budynku muzeum zoologicznego, Uniwersytet Warszawski, Zesp\u00f3\u0142: Koncern Ilustrowany Kurier Codzienny &#8211; Archiwum Ilustracji, ze zbior\u00f3w NAC, 1-N-3292-1, dost\u0119pne na stronie:<br \/>\n<a class=\"ot-anchor aaTEdf\" dir=\"ltr\" href=\"https:\/\/audiovis.nac.gov.pl\/obraz\/112079\/671b7bfebc57a1d64530a437b27999d6\/\" target=\"_blank\" rel=\"nofollow noopener\">https:\/\/audiovis.nac.gov.pl\/obraz\/112079\/671b7bfebc57a1d64530a437b27999d6\/<\/a><\/p>\n<p style=\"text-align: right;\">[ato]<\/p>\n","protected":false},"excerpt":{"rendered":"<p>Koncepcja Kazimierza Sto\u0142yhwo (1880-1966) by\u0142a wypadkow\u0105 wcze\u015bniejszych pomys\u0142\u00f3w stworzenia muzeum przyrodniczego w Warszawie, w obliczu coraz bardziej realnej szansy na jej praktyczne powstanie. Muzeum Historii Naturalnej, wraz z Polskim Muzeum Ludoznawczym, mia\u0142oby by\u0107 centraln\u0105, rz\u0105dow\u0105 plac\u00f3wk\u0105 prowadz\u0105c\u0105 badania naukowe, inwentaryzacj\u0119 oraz ochron\u0119 zabytk\u00f3w polskiej przyrody, park\u00f3w narodowych i rezerwat\u00f3w. Zadania muzeum skupia\u0107 mia\u0142yby si\u0119 na&hellip; <\/p>\n","protected":false},"author":3,"featured_media":1182,"comment_status":"open","ping_status":"open","sticky":false,"template":"","format":"standard","meta":{"footnotes":""},"categories":[102,156],"tags":[130,211,128,206],"class_list":["post-1181","post","type-post","status-publish","format-standard","has-post-thumbnail","hentry","category-blog","category-projekty-muzeow","tag-koncepcja-muzeum","tag-niezrealizowane","tag-projekt","tag-przyrodnicze"],"aioseo_notices":[],"featured_image_src":"https:\/\/muzeumpamieci.umk.pl\/wp-content\/uploads\/2018\/01\/Bez-tytu\u0142u.png","featured_image_src_square":"https:\/\/muzeumpamieci.umk.pl\/wp-content\/uploads\/2018\/01\/Bez-tytu\u0142u.png","author_info":{"display_name":"Aldona To\u0142ysz","author_link":"https:\/\/muzeumpamieci.umk.pl\/?author=3"},"category_info":"<a href=\"https:\/\/muzeumpamieci.umk.pl\/?cat=102\" rel=\"category\">Blog<\/a>, <a href=\"https:\/\/muzeumpamieci.umk.pl\/?cat=156\" rel=\"category\">PROJEKTY MUZE\u00d3W<\/a>","tags_info":"<a href=\"https:\/\/muzeumpamieci.umk.pl\/?tag=koncepcja-muzeum\" rel=\"tag\">koncepcja muzeum<\/a>, <a href=\"https:\/\/muzeumpamieci.umk.pl\/?tag=niezrealizowane\" rel=\"tag\">niezrealizowane<\/a>, <a href=\"https:\/\/muzeumpamieci.umk.pl\/?tag=projekt\" rel=\"tag\">projekt<\/a>, <a href=\"https:\/\/muzeumpamieci.umk.pl\/?tag=przyrodnicze\" rel=\"tag\">przyrodnicze<\/a>","social_share_info":"<a data-share=\"facebook\" href=\"https:\/\/www.facebook.com\/sharer.php?u=https:\/\/muzeumpamieci.umk.pl\/?p=1181\" class=\"tb-facebook-share social-share-default tb-social-share\" target=\"_blank\"><i class=\"fab fa-facebook-f\" aria-hidden=\"true\"><\/i><\/a><a data-share=\"twitter\" href=\"https:\/\/twitter.com\/share?url=https:\/\/muzeumpamieci.umk.pl\/?p=1181\" class=\"tb-twiiter-share social-share-default tb-social-share\" target=\"_blank\"><i class=\"fab fa-twitter\" aria-hidden=\"true\"><\/i><\/a><a data-share=\"linkedin\" href=\"https:\/\/www.linkedin.com\/shareArticle?url=https:\/\/muzeumpamieci.umk.pl\/?p=1181\" class=\"tb-linkedin-share social-share-default tb-social-share\" target=\"_blank\"><i class=\"fab fa-linkedin-in\" aria-hidden=\"true\"><\/i><\/a>","wordExcerpt_info":"<p>Koncepcja Kazimierza Sto\u0142yhwo (1880-1966) by\u0142a wypadkow\u0105 wcze\u015bniejszych pomys\u0142\u00f3w stworzenia muzeum przyrodniczego w Warszawie, w obliczu coraz bardziej realnej szansy na jej praktyczne powstanie. Muzeum Historii Naturalnej, wraz z Polskim Muzeum Ludoznawczym, mia\u0142oby by\u0107 centraln\u0105, rz\u0105dow\u0105 plac\u00f3wk\u0105 prowadz\u0105c\u0105 badania naukowe, inwentaryzacj\u0119 oraz ochron\u0119 zabytk\u00f3w polskiej przyrody, park\u00f3w narodowych i rezerwat\u00f3w. Zadania muzeum skupia\u0107 mia\u0142yby si\u0119 na gromadzeniu i przechowywaniu zbior\u00f3w do bada\u0144 naukowych oraz na popularyzowaniu wiedzy przyrodniczej w\u015br\u00f3d ca\u0142ego spo\u0142ecze\u0144stwa poprzez ekspozycje zawieraj\u0105ce oryginalne okazy naukowe, tablice, modele, odlewy, preparaty i pomoce naukowe zaopatrzone w w\u0142a\u015bciwie opracowany komentarz. Wg autora muzeum dzieli\u0107 powinno si\u0119 na 4 dzia\u0142y: zoologiczny, botaniczny, mineralogiczny, geologiczno-paleontologiczny, o wyra\u017anej autonomii w obr\u0119bie instytucji (odr\u0119bny dyrektor i Rady Muzealne).<\/p>\n<p>Odno\u015bnie do rozwi\u0105za\u0144 formalnych Sto\u0142yhwo odwo\u0142a\u0142 si\u0119 do pracy Domaniewskiego dodaj\u0105c, \u017ce muzeum powinno prowadzi\u0107 stacj\u0119 ornitologiczn\u0105 oraz hydro-biologiczn\u0105, obserwatorium meteorologiczno-aerologiczne i geofizyczne, prowadzi\u0107 opiek\u0119 nad instytutami naukowymi (m.in. meteorologii, kartografii, hydrografii, a tak\u017ce wsp\u00f3\u0142pracowa\u0107 \u015bci\u015ble z projektowanym pa\u0144stwowym Instytutem geologicznym przy Ministerstwie handlu. Sto\u0142yhwo zestawi\u0142 tak\u017ce przewidywane koszty utrzymania plac\u00f3wki (z rozbiciem na dzia\u0142y), podkre\u015blaj\u0105c jednak, \u017ce zadaniem najistotniejszym jest gromadzenie i w\u0142a\u015bciwe zabezpieczenie zbior\u00f3w, a tak\u017ce odrzucenie przypadkowej polityki na planowy i przemy\u015blany program dzia\u0142ania w zakresie muzealnictwa przyrodniczego.<\/p>\n<p>W 1919 roku powsta\u0142o pierwsze pa\u0144stwowe muzeum przyrodnicze w Warszawie pod nazw\u0105 Narodowe Muzeum Przyrodnicze, kt\u00f3re w znacznej mierze korzysta\u0142o z rozwi\u0105za\u0144 proponowanych w koncepcjach szczeg\u00f3lnie opracowanych w XX wieku. Wi\u0119kszo\u015b\u0107 z koncepcji podkre\u015bla\u0142o naukowy, a w drugiej kolejno\u015bci dydaktyczny charakter muzeum, co mia\u0142o zapewne wp\u0142yw na relatywnie nisk\u0105 popularno\u015b\u0107 idei w\u015br\u00f3d spo\u0142ecze\u0144stwa. W 1919 roku dzi\u0119ki postulowanemu w koncepcjach po\u0142\u0105czeniu zbior\u00f3w Gabinetu Zoologicznego Uniwersytetu Warszawskiego oraz Muzeum hr. Branickich we Frascati powsta\u0142o Narodowe Muzeum Przyrodnicze, przemianowane kolejno na Polskie Pa\u0144stwowe Muzeum Przyrodnicze (1921) oraz Pa\u0144stwowe Muzeum Zoologiczne (1928). W 1935 roku po\u017car strawi\u0142 poka\u017an\u0105 cz\u0119\u015b\u0107 zbior\u00f3w, co wp\u0142yn\u0119\u0142o w negatywny spos\u00f3b na dzia\u0142alno\u015b\u0107 naukow\u0105 i dydaktyczn\u0105 instytucji. Pomimo pr\u00f3b nie uda\u0142o si\u0119 przywr\u00f3ci\u0107 muzeum dawnej \u015bwietno\u015bci, a podpalenie siedziby przy ul. Wilczej 64 przez wojska niemieckie w 1944 roku przynios\u0142o kolejne straty. By\u0142 to jeden z argument\u00f3w, by w 1952 roku muzeum przesz\u0142o pod zarz\u0105d Polskiej Akademii Nauk, kt\u00f3ra istniej\u0105ce zbiory w\u0142\u0105czy\u0142a do zasobu Instytutu Zoologicznego PAN.<\/p>\n<p>Wi\u0119cej na temat projektu:<br \/>\nSto\u0142yhwo Kazimierz, 1918. W sprawie polskich instytucji pa\u0144stwowych maj\u0105cych na celu planowe badania krajoznawcze Pami\u0119tnik Fizyograficzny, t. 24, s. 1-10<br \/>\nZob. tak\u017ce:<br \/>\nBrz\u0119k Gabriel, aktualiz. i uzup. Jerzy Paw\u0142owski i Tomasz Majewski, Historia zoologii w Polsce: do drugiej wojny \u015bwiatowej, Krak\u00f3w: PAU 2007<br \/>\nFedorowicz Zygmunt, Feliksiak Stanis\u0142aw, 2016. 150-lecie Gabinetu Zoologicznego w Warszawie (1818\u20131968), Memorabilia zoologia, nr 1<br \/>\n<img class=\"size-medium wp-image-1182 aligncenter\" src=\"http:\/\/muzeumpamieci.umk.pl\/wp-content\/uploads\/2018\/01\/Bez-tytu\u0142u-300x221.png\" alt=\"Bez\u00a0tytu\u0142u\" width=\"300\" height=\"221\" \/><\/p>\n<p>Na fotografii: Stra\u017cacy podczas gaszenia po\u017caru budynku muzeum zoologicznego, Uniwersytet Warszawski, Zesp\u00f3\u0142: Koncern Ilustrowany Kurier Codzienny &#8211; Archiwum Ilustracji, ze zbior\u00f3w NAC, 1-N-3292-1, dost\u0119pne na stronie:<br \/>\n<a class=\"ot-anchor aaTEdf\" dir=\"ltr\" href=\"https:\/\/audiovis.nac.gov.pl\/obraz\/112079\/671b7bfebc57a1d64530a437b27999d6\/\" target=\"_blank\" rel=\"nofollow noopener\">https:\/\/audiovis.nac.gov.pl\/obraz\/112079\/671b7bfebc57a1d64530a437b27999d6\/<\/a><\/p>\n<p style=\"text-align: right\">[ato]<\/p>\n","comment_info":"0","_links":{"self":[{"href":"https:\/\/muzeumpamieci.umk.pl\/index.php?rest_route=\/wp\/v2\/posts\/1181","targetHints":{"allow":["GET"]}}],"collection":[{"href":"https:\/\/muzeumpamieci.umk.pl\/index.php?rest_route=\/wp\/v2\/posts"}],"about":[{"href":"https:\/\/muzeumpamieci.umk.pl\/index.php?rest_route=\/wp\/v2\/types\/post"}],"author":[{"embeddable":true,"href":"https:\/\/muzeumpamieci.umk.pl\/index.php?rest_route=\/wp\/v2\/users\/3"}],"replies":[{"embeddable":true,"href":"https:\/\/muzeumpamieci.umk.pl\/index.php?rest_route=%2Fwp%2Fv2%2Fcomments&post=1181"}],"version-history":[{"count":3,"href":"https:\/\/muzeumpamieci.umk.pl\/index.php?rest_route=\/wp\/v2\/posts\/1181\/revisions"}],"predecessor-version":[{"id":2290,"href":"https:\/\/muzeumpamieci.umk.pl\/index.php?rest_route=\/wp\/v2\/posts\/1181\/revisions\/2290"}],"wp:featuredmedia":[{"embeddable":true,"href":"https:\/\/muzeumpamieci.umk.pl\/index.php?rest_route=\/wp\/v2\/media\/1182"}],"wp:attachment":[{"href":"https:\/\/muzeumpamieci.umk.pl\/index.php?rest_route=%2Fwp%2Fv2%2Fmedia&parent=1181"}],"wp:term":[{"taxonomy":"category","embeddable":true,"href":"https:\/\/muzeumpamieci.umk.pl\/index.php?rest_route=%2Fwp%2Fv2%2Fcategories&post=1181"},{"taxonomy":"post_tag","embeddable":true,"href":"https:\/\/muzeumpamieci.umk.pl\/index.php?rest_route=%2Fwp%2Fv2%2Ftags&post=1181"}],"curies":[{"name":"wp","href":"https:\/\/api.w.org\/{rel}","templated":true}]}}