{"id":1058,"date":"2017-11-23T18:08:18","date_gmt":"2017-11-23T17:08:18","guid":{"rendered":"http:\/\/muzeumpamieci.umk.pl\/?p=1058"},"modified":"2018-03-28T18:32:22","modified_gmt":"2018-03-28T16:32:22","slug":"wystawa-stara-warszawa-1911","status":"publish","type":"post","link":"https:\/\/muzeumpamieci.umk.pl\/?p=1058","title":{"rendered":"1911 &#8211; Warszawa, Wystawa &#8222;Stara Warszawa&#8221;"},"content":{"rendered":"<hr \/>\n<p>Ekspozycja &#8222;Stara Warszawa&#8221; zosta\u0142a zorganizowana przez Towarzystwo Opieki nad Zabytkami Przesz\u0142o\u015bci (TOnZP) w ratuszu miejskim przy Placu Teatralnym (ul. Senatorskiej). Jednym z cel\u00f3w wystawy by\u0142a \u201ech\u0119\u0107 obudzenia jak naj\u017cywszego zainteresowania dla wszystkiego, co jest wyrazem Miasta i co mo\u017ce by\u0107 przyczynkiem [\u2026] rozja\u015bniaj\u0105cym dzieje Jego kultury. Z tego zainteresowania rodzi si\u0119 poszanowanie. Pragniemy go zar\u00f3wno dla zabytk\u00f3w ruchomych jak nieruchomych\u201d<\/p>\n<p>Wystawa sk\u0142ada\u0142a si\u0119 z kilku dzia\u0142\u00f3w: Plan\u00f3w, Widok\u00f3w og\u00f3lnych i poszczeg\u00f3lnych Warszawy,\u00a0 [widok\u00f3w i projekt\u00f3w] Gmach\u00f3w poszczeg\u00f3lnych (publicznych i prywatnych), Portret\u00f3w, Obraz\u00f3w i przedmiot\u00f3w pami\u0105tkowych, ilustruj\u0105cych \u017cycie spo\u0142eczne, towarzyskie i umys\u0142owe Warszawy wraz ze znakami maso\u0144skimi, Przedmioty pami\u0105tkowe, Cechy oraz Wyroby Warszawskie i Znaleziska.<\/p>\n<p>Dla przygotowania ekspozycji pos\u0142u\u017cono si\u0119 kolekcj\u0105 zgromadzon\u0105 przez TOnZP, a tak\u017ce obiektami z biblioteki Ordynacji hr. Krasi\u0144skich, Biblioteki hr. Prze\u017adzieckich, ze zbior\u00f3w Magistratu Warszawskiego, Towarzystwa Zach\u0119ty Sztuk Pi\u0119knych oraz dzie\u0142 u\u017cyczonych przez osoby prywatne, m.in. adwokata Aleksandra Kraushara, antykwariusza Hieronima Wildera, hr. Raczy\u0144skich i Zamoyskich (ze zbior\u00f3w malarza Antoniego Strze\u0142eckiego),\u00a0 kupc\u00f3w i finansist\u00f3w: Jakuba Epsteina, Henryka Fukiera, baron\u00f3w Lessera i Kronenberga.<\/p>\n<p>Wi\u0119cej na temat wystawy zob. m.in.:<br \/>\nab, Wystawa &#8222;Starej Warszawy&#8221;, \u015awiat pismo tygodniowe ilustrowane 1911, rok 6, nr 22 s. 27<br \/>\nBr., Wystawa Starej Warszawy, \u015awiat pismo tygodniowe ilustrowane 1911, rok 6, nr 23 s. 3-5<br \/>\nPami\u0105tki starej Warszawy zebrane na wystawie urz\u0105dzonej staraniem T.O.N.Z.P. w maju i czerwcu 1911 roku, Warszawa: Towarzystwo Opieki nad Zabytkami Przesz\u0142o\u015bci 1911, s. n. [katalogi wystaw]<br \/>\n<img fetchpriority=\"high\" decoding=\"async\" class=\"size-medium wp-image-1060 aligncenter\" src=\"http:\/\/muzeumpamieci.umk.pl\/wp-content\/uploads\/2017\/11\/\u015awiat-pismo-tygodniowe-ilustrowane2-10-1-300x240.jpg\" alt=\"\u015awiat pismo tygodniowe ilustrowane(2)-10\" width=\"300\" height=\"240\" srcset=\"https:\/\/muzeumpamieci.umk.pl\/wp-content\/uploads\/2017\/11\/\u015awiat-pismo-tygodniowe-ilustrowane2-10-1-300x240.jpg 300w, https:\/\/muzeumpamieci.umk.pl\/wp-content\/uploads\/2017\/11\/\u015awiat-pismo-tygodniowe-ilustrowane2-10-1.jpg 491w\" sizes=\"(max-width: 300px) 100vw, 300px\" \/><br \/>\nNa ilustracji:jedna z sal ekspozycyjnych, Ratusz miejski<br \/>\n\u017ar\u00f3d\u0142o: czasopismo &#8222;\u015awiat&#8221;, 1911, nr 23, s.4, zas\u00f3b Biblioteki Narodowej [<a href=\"https:\/\/polona.pl\/item\/swiat-pismo-tygodniowe-ilustrowane-r6-nr-23-10-czerwca-1911,MTA1MjU3MDE\/9\/#item\">Polona<\/a>]<\/p>\n<p style=\"text-align: right;\">[ato]<\/p>\n<hr \/>\n<p style=\"text-align: right;\">\n","protected":false},"excerpt":{"rendered":"<p>Ekspozycja &#8222;Stara Warszawa&#8221; zosta\u0142a zorganizowana przez Towarzystwo Opieki nad Zabytkami Przesz\u0142o\u015bci (TOnZP) w ratuszu miejskim przy Placu Teatralnym (ul. Senatorskiej). Jednym z cel\u00f3w wystawy by\u0142a \u201ech\u0119\u0107 obudzenia jak naj\u017cywszego zainteresowania dla wszystkiego, co jest wyrazem Miasta i co mo\u017ce by\u0107 przyczynkiem [\u2026] rozja\u015bniaj\u0105cym dzieje Jego kultury. Z tego zainteresowania rodzi si\u0119 poszanowanie. Pragniemy go zar\u00f3wno&hellip; <\/p>\n","protected":false},"author":3,"featured_media":1060,"comment_status":"open","ping_status":"open","sticky":false,"template":"","format":"standard","meta":{"footnotes":""},"categories":[102,154],"tags":[189,249,250,160,127],"class_list":["post-1058","post","type-post","status-publish","format-standard","has-post-thumbnail","hentry","category-blog","category-wystawy","tag-189","tag-lokalne","tag-mazowsze","tag-warszawa","tag-wystawa"],"aioseo_notices":[],"featured_image_src":"https:\/\/muzeumpamieci.umk.pl\/wp-content\/uploads\/2017\/11\/\u015awiat-pismo-tygodniowe-ilustrowane2-10-1.jpg","featured_image_src_square":"https:\/\/muzeumpamieci.umk.pl\/wp-content\/uploads\/2017\/11\/\u015awiat-pismo-tygodniowe-ilustrowane2-10-1.jpg","author_info":{"display_name":"Aldona To\u0142ysz","author_link":"https:\/\/muzeumpamieci.umk.pl\/?author=3"},"category_info":"<a href=\"https:\/\/muzeumpamieci.umk.pl\/?cat=102\" rel=\"category\">Blog<\/a>, <a href=\"https:\/\/muzeumpamieci.umk.pl\/?cat=154\" rel=\"category\">WYSTAWY<\/a>","tags_info":"<a href=\"https:\/\/muzeumpamieci.umk.pl\/?tag=1911\" rel=\"tag\">1911<\/a>, <a href=\"https:\/\/muzeumpamieci.umk.pl\/?tag=lokalne\" rel=\"tag\">lokalne<\/a>, <a href=\"https:\/\/muzeumpamieci.umk.pl\/?tag=mazowsze\" rel=\"tag\">Mazowsze<\/a>, <a href=\"https:\/\/muzeumpamieci.umk.pl\/?tag=warszawa\" rel=\"tag\">Warszawa<\/a>, <a href=\"https:\/\/muzeumpamieci.umk.pl\/?tag=wystawa\" rel=\"tag\">wystawa<\/a>","social_share_info":"<a data-share=\"facebook\" href=\"https:\/\/www.facebook.com\/sharer.php?u=https:\/\/muzeumpamieci.umk.pl\/?p=1058\" class=\"tb-facebook-share social-share-default tb-social-share\" target=\"_blank\"><i class=\"fab fa-facebook-f\" aria-hidden=\"true\"><\/i><\/a><a data-share=\"twitter\" href=\"https:\/\/twitter.com\/share?url=https:\/\/muzeumpamieci.umk.pl\/?p=1058\" class=\"tb-twiiter-share social-share-default tb-social-share\" target=\"_blank\"><i class=\"fab fa-twitter\" aria-hidden=\"true\"><\/i><\/a><a data-share=\"linkedin\" href=\"https:\/\/www.linkedin.com\/shareArticle?url=https:\/\/muzeumpamieci.umk.pl\/?p=1058\" class=\"tb-linkedin-share social-share-default tb-social-share\" target=\"_blank\"><i class=\"fab fa-linkedin-in\" aria-hidden=\"true\"><\/i><\/a>","wordExcerpt_info":"<hr \/>\n<p>Ekspozycja &#8222;Stara Warszawa&#8221; zosta\u0142a zorganizowana przez Towarzystwo Opieki nad Zabytkami Przesz\u0142o\u015bci (TOnZP) w ratuszu miejskim przy Placu Teatralnym (ul. Senatorskiej). Jednym z cel\u00f3w wystawy by\u0142a \u201ech\u0119\u0107 obudzenia jak naj\u017cywszego zainteresowania dla wszystkiego, co jest wyrazem Miasta i co mo\u017ce by\u0107 przyczynkiem [\u2026] rozja\u015bniaj\u0105cym dzieje Jego kultury. Z tego zainteresowania rodzi si\u0119 poszanowanie. Pragniemy go zar\u00f3wno dla zabytk\u00f3w ruchomych jak nieruchomych\u201d<\/p>\n<p>Wystawa sk\u0142ada\u0142a si\u0119 z kilku dzia\u0142\u00f3w: Plan\u00f3w, Widok\u00f3w og\u00f3lnych i poszczeg\u00f3lnych Warszawy,\u00a0 [widok\u00f3w i projekt\u00f3w] Gmach\u00f3w poszczeg\u00f3lnych (publicznych i prywatnych), Portret\u00f3w, Obraz\u00f3w i przedmiot\u00f3w pami\u0105tkowych, ilustruj\u0105cych \u017cycie spo\u0142eczne, towarzyskie i umys\u0142owe Warszawy wraz ze znakami maso\u0144skimi, Przedmioty pami\u0105tkowe, Cechy oraz Wyroby Warszawskie i Znaleziska.<\/p>\n<p>Dla przygotowania ekspozycji pos\u0142u\u017cono si\u0119 kolekcj\u0105 zgromadzon\u0105 przez TOnZP, a tak\u017ce obiektami z biblioteki Ordynacji hr. Krasi\u0144skich, Biblioteki hr. Prze\u017adzieckich, ze zbior\u00f3w Magistratu Warszawskiego, Towarzystwa Zach\u0119ty Sztuk Pi\u0119knych oraz dzie\u0142 u\u017cyczonych przez osoby prywatne, m.in. adwokata Aleksandra Kraushara, antykwariusza Hieronima Wildera, hr. Raczy\u0144skich i Zamoyskich (ze zbior\u00f3w malarza Antoniego Strze\u0142eckiego),\u00a0 kupc\u00f3w i finansist\u00f3w: Jakuba Epsteina, Henryka Fukiera, baron\u00f3w Lessera i Kronenberga.<\/p>\n<p>Wi\u0119cej na temat wystawy zob. m.in.:<br \/>\nab, Wystawa &#8222;Starej Warszawy&#8221;, \u015awiat pismo tygodniowe ilustrowane 1911, rok 6, nr 22 s. 27<br \/>\nBr., Wystawa Starej Warszawy, \u015awiat pismo tygodniowe ilustrowane 1911, rok 6, nr 23 s. 3-5<br \/>\nPami\u0105tki starej Warszawy zebrane na wystawie urz\u0105dzonej staraniem T.O.N.Z.P. w maju i czerwcu 1911 roku, Warszawa: Towarzystwo Opieki nad Zabytkami Przesz\u0142o\u015bci 1911, s. n. [katalogi wystaw]<br \/>\n<img class=\"size-medium wp-image-1060 aligncenter\" src=\"http:\/\/muzeumpamieci.umk.pl\/wp-content\/uploads\/2017\/11\/\u015awiat-pismo-tygodniowe-ilustrowane2-10-1-300x240.jpg\" alt=\"\u015awiat pismo tygodniowe ilustrowane(2)-10\" width=\"300\" height=\"240\" \/><br \/>\nNa ilustracji:jedna z sal ekspozycyjnych, Ratusz miejski<br \/>\n\u017ar\u00f3d\u0142o: czasopismo &#8222;\u015awiat&#8221;, 1911, nr 23, s.4, zas\u00f3b Biblioteki Narodowej [<a href=\"https:\/\/polona.pl\/item\/swiat-pismo-tygodniowe-ilustrowane-r6-nr-23-10-czerwca-1911,MTA1MjU3MDE\/9\/#item\">Polona<\/a>]<\/p>\n<p style=\"text-align: right\">[ato]<\/p>\n<hr \/>\n<p style=\"text-align: right\">\n","comment_info":"0","_links":{"self":[{"href":"https:\/\/muzeumpamieci.umk.pl\/index.php?rest_route=\/wp\/v2\/posts\/1058","targetHints":{"allow":["GET"]}}],"collection":[{"href":"https:\/\/muzeumpamieci.umk.pl\/index.php?rest_route=\/wp\/v2\/posts"}],"about":[{"href":"https:\/\/muzeumpamieci.umk.pl\/index.php?rest_route=\/wp\/v2\/types\/post"}],"author":[{"embeddable":true,"href":"https:\/\/muzeumpamieci.umk.pl\/index.php?rest_route=\/wp\/v2\/users\/3"}],"replies":[{"embeddable":true,"href":"https:\/\/muzeumpamieci.umk.pl\/index.php?rest_route=%2Fwp%2Fv2%2Fcomments&post=1058"}],"version-history":[{"count":3,"href":"https:\/\/muzeumpamieci.umk.pl\/index.php?rest_route=\/wp\/v2\/posts\/1058\/revisions"}],"predecessor-version":[{"id":1955,"href":"https:\/\/muzeumpamieci.umk.pl\/index.php?rest_route=\/wp\/v2\/posts\/1058\/revisions\/1955"}],"wp:featuredmedia":[{"embeddable":true,"href":"https:\/\/muzeumpamieci.umk.pl\/index.php?rest_route=\/wp\/v2\/media\/1060"}],"wp:attachment":[{"href":"https:\/\/muzeumpamieci.umk.pl\/index.php?rest_route=%2Fwp%2Fv2%2Fmedia&parent=1058"}],"wp:term":[{"taxonomy":"category","embeddable":true,"href":"https:\/\/muzeumpamieci.umk.pl\/index.php?rest_route=%2Fwp%2Fv2%2Fcategories&post=1058"},{"taxonomy":"post_tag","embeddable":true,"href":"https:\/\/muzeumpamieci.umk.pl\/index.php?rest_route=%2Fwp%2Fv2%2Ftags&post=1058"}],"curies":[{"name":"wp","href":"https:\/\/api.w.org\/{rel}","templated":true}]}}