{"id":1001,"date":"2017-10-31T22:48:57","date_gmt":"2017-10-31T21:48:57","guid":{"rendered":"http:\/\/muzeumpamieci.umk.pl\/?p=1001"},"modified":"2018-04-13T00:25:54","modified_gmt":"2018-04-12T22:25:54","slug":"muzeum-erazma-majewskiego-muzeum-przedhistoryczne-im-erazma-majewskiego-1892","status":"publish","type":"post","link":"https:\/\/muzeumpamieci.umk.pl\/?p=1001","title":{"rendered":"Warszawa, Muzeum Erazma Majewskiego; Muzeum Przedhistoryczne im. Erazma Majewskiego (1892)"},"content":{"rendered":"<p>Kolekcja Erazma Majewskiego, zapocz\u0105tkowana zosta\u0142a w 1892 r., pi\u0119\u0107 lat p\u00f3\u017aniej w\u0142a\u015bciciel rozpocz\u0105\u0142 dzia\u0142ania maj\u0105ce na celu powo\u0142anie muzeum przedhistorycznego. Do propagowania tej idei przyczyni\u0142o si\u0119 wydawane od 1899 r. czasopismo &#8222;\u015awiatowit. Rocznik po\u015bwi\u0119cony archeologii pradziejowej i badaniom pierwotnej kultury polskiej i s\u0142owia\u0144skiej&#8221;. Podejmowane pr\u00f3by upublicznienia kolekcji szerszej publiczno\u015bci powiod\u0142y si\u0119 dopiero w 1908 r., kiedy w Pa\u0142acu Sztuki Towarzystwa Zach\u0119ty Sztuk Pi\u0119knych otwarto ekspozycj\u0119 projektowanego Muzeum Erazma Majewskiego. W 1916 r. zbiory zosta\u0142y przeniesione do siedziby Muzeum Narodowego przy ul. Podwale 15, gdzie przebywa\u0142y do 1921 r. W tym czasie zbiory nie by\u0142y upublicznione, pomimo \u017ce kolekcjoner w\u0142asnym kosztem dostosowa\u0142 sale na cele ekspozycyjne i zapewni\u0142 meble muzealne. Pieczo\u0142owicie przygotowana wystawa zosta\u0142a zdemontowana w zwi\u0105zku z przekazaniem pomieszcze\u0144 na parterze budynku na potrzeby Muzeum Wojska Polskiego. W tej sytuacji, w 1921 r. kolekcj\u0119 przekazan\u0105 przez Majewskiego aktem darowizny Towarzystwu Naukowemu Warszawskiemu, przeniesiono do Pa\u0142acu Staszica. Rozwi\u0105zanie to, jedyne, kt\u00f3re teoretycznie umo\u017cliwia\u0142o zachowanie w ca\u0142o\u015bci kolekcji oraz upami\u0119tnienie w\u0142a\u015bciciela nie odnios\u0142o oczekiwanych skutk\u00f3w. Niedostosowane do potrzeb muzealnych sale pocz\u0105wszy od 1916 r. sta\u0142y si\u0119 przyczyn\u0105 cz\u0119\u015bciowego uszkodzenia kolekcji, kt\u00f3ra po \u015bmierci Erazma Majewskiego w 1922 r. straci\u0142a najwa\u017cniejszego opiekuna. Dopiero w 1924 r. rozpocz\u0119\u0142y si\u0119 dzia\u0142ania maj\u0105ce na celu konserwacj\u0119 zbior\u00f3w i udost\u0119pnienie jej publiczno\u015bci, do czego przyczyni\u0142 si\u0119 W\u0142odzimierz Antoniewicz. W 1932 r., w salach na ostatnim pi\u0119trze Pa\u0142acu Staszica oficjalnie otwarto dla zwiedzaj\u0105cych Muzeum Przedhistoryczne im. Erazma Majewskiego. W 1939 r. na skutek dzia\u0142a\u0144 wojennych zbi\u00f3r zosta\u0142 uszkodzony. Maj\u0105c na celu ochron\u0119 zachowanych okaz\u00f3w, dwa lata p\u00f3\u017aniej kolekcja zosta\u0142a przeniesiona do gmachu Muzeum Narodowego i po\u0142\u0105czona ze zbiorami Pa\u0144stwowego Muzeum Archeologicznego [PMA], co w istocie by\u0142o niezgodne z wol\u0105 Majewskiego. W 1948 r. zbiory Muzeum Przedhistorycznego im. Erazma Majewskiego zosta\u0142y w\u0142\u0105czone do zasob\u00f3w PMA.<\/p>\n<p>Na temat muzeum zob. m.in.<\/p>\n<p>Antoniewicz W\u0142odzimierz, 1922, \u201ePa\u0144stwowe Centralne Muzeum Archeologiczne w Warszawie\u201d, <em>\u015awiatowit. Rocznik po\u015bwi\u0119cony archeologii pradziejowej i badaniom pierwotnej kultury polskiej i s\u0142owia\u0144skiej<\/em>, r. 7, nr 8-9, s. 275-279<br \/>\nAntoniewicz W\u0142odzimierz, 1925, \u201eBadania Archeologiczne w Polsce w zakresie regionalnym\u201d, <em>Ziemia<\/em>. <em>Tygodnik Krajoznawczy Ilustrowany<\/em>,\u00a0 r. 10, nr 2, s. 20-25<br \/>\nAntoniewicz W\u0142odzimierz, 1928, \u201eSprawozdanie z dzia\u0142alno\u015bci Muzeum Archeologicznego\u00a0 im. Erazma Majewskiego T.N.W. w Warszawie\u201d, <em>\u015awiatowit<\/em>. <em>Rocznik po\u015bwi\u0119cony archeologii pradziejowej i badaniom pierwotnej kultury polskiej i s\u0142owia\u0144skiej<\/em>, t. 12, s. 157-158<br \/>\nAntoniewicz W\u0142odzimierz, 1929, \u201ePowstanie i losy Muzeum Archeologicznego Erazma Majewskiego\u201d, <em>\u015awiatowit, Rocznik po\u015bwi\u0119cony archeologii pradziejowej i badaniom pierwotnej kultury polskiej i s\u0142owia\u0144skiej, <\/em>t. 13, s. 1-19<br \/>\nAntoniewicz W\u0142odzimierz, 1932, \u201eMuzeum Archeologiczne im. Erazma Majewskiego T.N.W. w Pa\u0142acu Staszica\u201d, <em>\u015awiatowit<\/em>. <em>Rocznik po\u015bwi\u0119cony archeologii pradziejowej i badaniom pierwotnej kultury polskiej i s\u0142owia\u0144skiej<\/em>,\u00a0 t. 15, s. 9-22<br \/>\nKos. W., 1908, \u201e18 000 okaz\u00f3w naszego muzeum przedhistorycznego\u201d, \u015awiat pismo tygodniowe ilustrowane, r.3, nr 40 s. 19-20<br \/>\nKoz\u0142owski Stefan K., 2012, <em>Tak wiele tak nieliczni. M\u0142oda archeologia polska 1905-1928<\/em>, Warszawa-\u0141\u00f3d\u017a;<br \/>\nKoz\u0142owski Stefan K., Lech Jacek, 1996, (red), <em>Erazm Majewski i warszawska szko\u0142a przedhistoryczna na pocz\u0105tku XX wieku<\/em>, Warszawa PAN<br \/>\nKrajewska Maria, 2006, \u201eErazm Majewski &#8211; autor pierwszych polskich powie\u015bci fantastycznonaukowych\u201d, <em>Z Otch\u0142ani Wiek\u00f3w<\/em>, 61\/3-4, s. 143-154;<br \/>\nKrajewska Maria, 2008, \u201eMuzeum Erazma Majewskiego\u201d, <em>Spotkania z Zabytkami<\/em>, nr 9, s. 34-35.<br \/>\nKrajewska Maria, 2008, \u201eSpu\u015bcizna Erazma Majewskiego w Pracowni Dokumentacji Naukowej Pa\u0144stwowego Muzeum Archeologicznego w Warszawie. W 150 rocznic\u0119 urodzin Erazma Majewskiego (1858-1922)\u201d, <em>Wiadomo\u015bci Archeologiczne<\/em>, t. 15, s. 1-87;<br \/>\nKrajewska Maria, 2009, \u201eDzieje Pa\u0144stwowego Muzeum Archeologicznego w Warszawie. Kalendarium\u201d, w: <em>Pa\u0144stwowe Muzeum Archeologiczne. Informator<\/em>, Warszawa, s. 5-63;<br \/>\nKrajewska Maria, 2010, \u201eErazm Majewski (1858-1922)\u201d, <em>Mazowsze Studia Regionalne<\/em>, nr 5, s. 219-228<br \/>\nKrajewska Maria, 2011, \u201eErazm Majewski i archeologia w Towarzystwie Opieki nad Zabytkami Przesz\u0142o\u015bci\u201d, <em>\u015awiatowit. Fasc. B, Archeologia Pradziejowa i \u015aredniowieczna, Archeologia Polski<\/em>, t. 8 (49)\/B, s. 13-25<br \/>\nKrajewska Maria,\u00a0 2011, \u201eArcheologiczne Muzeum Erazma Majewskiego\u201d, <em>\u015awiatowit. Fasc. B, Archeologia Pradziejowa i \u015aredniowieczna, Archeologia Polski<\/em>, 9 (50) B, 19-49<br \/>\nLencewicz Stanis\u0142aw, 1913, \u201eZbiory polskie. Muzeum Przedhistoryczne Erazma Majewskiego w Warszawie\u201d, <em>Ziemia. Tygodnik Krajoznawczy Ilustrowany<\/em>, r.4, nr 26, s. 422-424 (sprostowanie w nr 37)<br \/>\nMajewski Erazm 1897, \u201eO muzeum archeologiczne\u201d, <em>Kurjer Warszawski<\/em>, nr 280, s. 1-2<br \/>\nMajewski Erazm 1899, \u201eBiblioteka badacza staro\u017cytno\u015bci przeddziejowych\u201d, <em>\u015awiatowit. Rocznik po\u015bwi\u0119cony archeologii pradziejowej i badaniom pierwotnej kultury polskiej i s\u0142owia\u0144skiej<\/em>, nr 1, 112-117<br \/>\nMajewski Erazm 1911, \u201eKatalog tre\u015bciwy zbioru przedhistorycznego u\u0142o\u017cony porz\u0105dkiem miejscowo\u015bci\u201d, <em>\u015awiatowit. Rocznik po\u015bwi\u0119cony archeologii pradziejowej i badaniom pierwotnej kultury polskiej i s\u0142owia\u0144skiej<\/em>, 9, 128-156<br \/>\nMajewski Erazm 1912, \u201eDwudziestolecie Muzeum Staro\u017cytno\u015bci przedhistorycznych\u201d, <em>\u015awiatowit. Rocznik po\u015bwi\u0119cony archeologii pradziejowej i badaniom pierwotnej kultury polskiej i s\u0142owia\u0144skiej<\/em>, t. 10, s. 89-96<br \/>\nMajewski Erazm 1912, \u201eSprawozdanie z dzia\u0142alno\u015bci naszego Muzeum (skarbca) przedhistorycznego za rok 1912\u201d, <em>\u015awiatowit. Rocznik po\u015bwi\u0119cony archeologii pradziejowej i badaniom pierwotnej kultury polskiej i s\u0142owia\u0144skiej<\/em>, t. 10, s. 97-101<br \/>\nMajewski Erazm 1913, \u201eSprawozdanie z dzia\u0142alno\u015bci naszego Muzeum przedhistorycznego za rok 1913\u201d, <em>\u015awiatowit. Rocznik po\u015bwi\u0119cony archeologii pradziejowej i badaniom pierwotnej kultury polskiej i s\u0142owia\u0144skiej<\/em>, 1913, t. 11, s. 84-90<br \/>\nModrzewska Halina, 1983, \u201eErazm Majewski badacz staro\u017cytno\u015bci i tw\u00f3rca muzeum archeologicznego w Warszawie w \u015bwietle swojego Notatnika\u201d, <em>Wiadomo\u015bci Archeologiczne<\/em>, t. 48 nr 2, s. 163-189<br \/>\nPrzylicki Krzysztof, 2015, \u201eIdea \u2018muzeum przedhistorycznego\u2019 prof. Erazma Majewskiego w Katolickim Uniwersytecie Lubelskim w latach 20. XX wieku\u201d, <em>Roczniki humanistyczne, <\/em>t. 63, z. 4, s. 171-177<br \/>\nPu\u0142aski Franciszek, 1908, \u201eMuzeum Przedhistoryczne\u201d, <em>G\u0142os Warszawski<\/em>, nr 227, s. 1<br \/>\nRosen-Przeworska, Janina, 1933, \u201eMuzeum Archeologiczne im. Erazma Majewskiego Towarzystwa Naukowego Warszawskiego\u201d, <em>Ziemia. Tygodnik Krajoznawczy Ilustrowany<\/em>, nr 4, s. 65-68<br \/>\nZalewski Marek, 2010. O kolekcjach tworz\u0105cych zbiory Pa\u0144stwowego Muzeum Archeologicznego w Warszawie, Mazowsze Studia Regionalne, nr 5, s. 107-118<\/p>\n<figure id=\"attachment_1003\" aria-describedby=\"caption-attachment-1003\" style=\"width: 447px\" class=\"wp-caption aligncenter\"><img fetchpriority=\"high\" decoding=\"async\" class=\" wp-image-1003\" src=\"http:\/\/muzeumpamieci.umk.pl\/wp-content\/uploads\/2017\/10\/msr_5_krajewska_varia-54-300x228.jpg\" alt=\"MAZOWSZE Studia Regionalne nr 5\" width=\"447\" height=\"340\" srcset=\"https:\/\/muzeumpamieci.umk.pl\/wp-content\/uploads\/2017\/10\/msr_5_krajewska_varia-54-300x228.jpg 300w, https:\/\/muzeumpamieci.umk.pl\/wp-content\/uploads\/2017\/10\/msr_5_krajewska_varia-54.jpg 506w\" sizes=\"(max-width: 447px) 100vw, 447px\" \/><figcaption id=\"caption-attachment-1003\" class=\"wp-caption-text\">MAZOWSZE Studia Regionalne nr 5<\/figcaption><\/figure>\n<p>Na ilustracji: Fragment ekspozycji zbior\u00f3w archeologicznych Erazma Majewskiego w gmachu Towarzystwa Zach\u0119ty Sztuk Pi\u0119knych w Warszawie, na fot. Erazm Majewski oraz L. Majewska [?], fot. ok. 1908, zbiory PMA<\/p>\n<p>\u0179r\u00f3d\u0142o: repr. z artyku\u0142u: Krajewska Maria, 2010. \u201eErazm Majewski (1858-1922)\u201d, Mazowsze Studia Regionalne, nr 5, s. 219-228, <a href=\"http:\/\/bazhum.pl\/bib\/volume\/3847\/\">http:\/\/bazhum.pl\/bib\/volume\/3847\/<\/a><\/p>\n<p style=\"text-align: right;\">[ato]<\/p>\n<hr \/>\n<blockquote class=\"wp-embedded-content\" data-secret=\"my7qldhGFg\"><p><a href=\"http:\/\/muzeumpamieci.umk.pl\/instytucje-muzealne\/\">INSTYTUCJE MUZEALNE<\/a><\/p><\/blockquote>\n<p><iframe class=\"wp-embedded-content\" sandbox=\"allow-scripts\" security=\"restricted\" style=\"position: absolute; clip: rect(1px, 1px, 1px, 1px);\" src=\"http:\/\/muzeumpamieci.umk.pl\/instytucje-muzealne\/embed\/#?secret=my7qldhGFg\" data-secret=\"my7qldhGFg\" width=\"600\" height=\"338\" title=\"&#8222;INSTYTUCJE MUZEALNE&#8221; &#8212; Muzeum w polskiej kulturze pami\u0119ci\" frameborder=\"0\" marginwidth=\"0\" marginheight=\"0\" scrolling=\"no\"><\/iframe><\/p>\n<hr \/>\n<p>&nbsp;<\/p>\n","protected":false},"excerpt":{"rendered":"<p>Kolekcja Erazma Majewskiego, zapocz\u0105tkowana zosta\u0142a w 1892 r., pi\u0119\u0107 lat p\u00f3\u017aniej w\u0142a\u015bciciel rozpocz\u0105\u0142 dzia\u0142ania maj\u0105ce na celu powo\u0142anie muzeum przedhistorycznego. Do propagowania tej idei przyczyni\u0142o si\u0119 wydawane od 1899 r. czasopismo &#8222;\u015awiatowit. Rocznik po\u015bwi\u0119cony archeologii pradziejowej i badaniom pierwotnej kultury polskiej i s\u0142owia\u0144skiej&#8221;. Podejmowane pr\u00f3by upublicznienia kolekcji szerszej publiczno\u015bci powiod\u0142y si\u0119 dopiero w 1908 r.,&hellip; <\/p>\n","protected":false},"author":3,"featured_media":1003,"comment_status":"open","ping_status":"open","sticky":false,"template":"","format":"standard","meta":{"footnotes":""},"categories":[102,159],"tags":[272,271,129,138,270],"class_list":["post-1001","post","type-post","status-publish","format-standard","has-post-thumbnail","hentry","category-blog","category-instytucje-muzealne","tag-272","tag-erazm-majewski","tag-kolekcja-prywatna","tag-muzeum-prywatne","tag-muzeum-przedhistoryczne"],"aioseo_notices":[],"featured_image_src":"https:\/\/muzeumpamieci.umk.pl\/wp-content\/uploads\/2017\/10\/msr_5_krajewska_varia-54.jpg","featured_image_src_square":"https:\/\/muzeumpamieci.umk.pl\/wp-content\/uploads\/2017\/10\/msr_5_krajewska_varia-54.jpg","author_info":{"display_name":"Aldona To\u0142ysz","author_link":"https:\/\/muzeumpamieci.umk.pl\/?author=3"},"category_info":"<a href=\"https:\/\/muzeumpamieci.umk.pl\/?cat=102\" rel=\"category\">Blog<\/a>, <a href=\"https:\/\/muzeumpamieci.umk.pl\/?cat=159\" rel=\"category\">INSTYTUCJE MUZEALNE<\/a>","tags_info":"<a href=\"https:\/\/muzeumpamieci.umk.pl\/?tag=1892\" rel=\"tag\">1892<\/a>, <a href=\"https:\/\/muzeumpamieci.umk.pl\/?tag=erazm-majewski\" rel=\"tag\">Erazm Majewski<\/a>, <a href=\"https:\/\/muzeumpamieci.umk.pl\/?tag=kolekcja-prywatna\" rel=\"tag\">kolekcja prywatna<\/a>, <a href=\"https:\/\/muzeumpamieci.umk.pl\/?tag=muzeum-prywatne\" rel=\"tag\">muzeum prywatne<\/a>, <a href=\"https:\/\/muzeumpamieci.umk.pl\/?tag=muzeum-przedhistoryczne\" rel=\"tag\">muzeum przedhistoryczne<\/a>","social_share_info":"<a data-share=\"facebook\" href=\"https:\/\/www.facebook.com\/sharer.php?u=https:\/\/muzeumpamieci.umk.pl\/?p=1001\" class=\"tb-facebook-share social-share-default tb-social-share\" target=\"_blank\"><i class=\"fab fa-facebook-f\" aria-hidden=\"true\"><\/i><\/a><a data-share=\"twitter\" href=\"https:\/\/twitter.com\/share?url=https:\/\/muzeumpamieci.umk.pl\/?p=1001\" class=\"tb-twiiter-share social-share-default tb-social-share\" target=\"_blank\"><i class=\"fab fa-twitter\" aria-hidden=\"true\"><\/i><\/a><a data-share=\"linkedin\" href=\"https:\/\/www.linkedin.com\/shareArticle?url=https:\/\/muzeumpamieci.umk.pl\/?p=1001\" class=\"tb-linkedin-share social-share-default tb-social-share\" target=\"_blank\"><i class=\"fab fa-linkedin-in\" aria-hidden=\"true\"><\/i><\/a>","wordExcerpt_info":"<p>Kolekcja Erazma Majewskiego, zapocz\u0105tkowana zosta\u0142a w 1892 r., pi\u0119\u0107 lat p\u00f3\u017aniej w\u0142a\u015bciciel rozpocz\u0105\u0142 dzia\u0142ania maj\u0105ce na celu powo\u0142anie muzeum przedhistorycznego. Do propagowania tej idei przyczyni\u0142o si\u0119 wydawane od 1899 r. czasopismo &#8222;\u015awiatowit. Rocznik po\u015bwi\u0119cony archeologii pradziejowej i badaniom pierwotnej kultury polskiej i s\u0142owia\u0144skiej&#8221;. Podejmowane pr\u00f3by upublicznienia kolekcji szerszej publiczno\u015bci powiod\u0142y si\u0119 dopiero w 1908 r., kiedy w Pa\u0142acu Sztuki Towarzystwa Zach\u0119ty Sztuk Pi\u0119knych otwarto ekspozycj\u0119 projektowanego Muzeum Erazma Majewskiego. W 1916 r. zbiory zosta\u0142y przeniesione do siedziby Muzeum Narodowego przy ul. Podwale 15, gdzie przebywa\u0142y do 1921 r. W tym czasie zbiory nie by\u0142y upublicznione, pomimo \u017ce kolekcjoner w\u0142asnym kosztem dostosowa\u0142 sale na cele ekspozycyjne i zapewni\u0142 meble muzealne. Pieczo\u0142owicie przygotowana wystawa zosta\u0142a zdemontowana w zwi\u0105zku z przekazaniem pomieszcze\u0144 na parterze budynku na potrzeby Muzeum Wojska Polskiego. W tej sytuacji, w 1921 r. kolekcj\u0119 przekazan\u0105 przez Majewskiego aktem darowizny Towarzystwu Naukowemu Warszawskiemu, przeniesiono do Pa\u0142acu Staszica. Rozwi\u0105zanie to, jedyne, kt\u00f3re teoretycznie umo\u017cliwia\u0142o zachowanie w ca\u0142o\u015bci kolekcji oraz upami\u0119tnienie w\u0142a\u015bciciela nie odnios\u0142o oczekiwanych skutk\u00f3w. Niedostosowane do potrzeb muzealnych sale pocz\u0105wszy od 1916 r. sta\u0142y si\u0119 przyczyn\u0105 cz\u0119\u015bciowego uszkodzenia kolekcji, kt\u00f3ra po \u015bmierci Erazma Majewskiego w 1922 r. straci\u0142a najwa\u017cniejszego opiekuna. Dopiero w 1924 r. rozpocz\u0119\u0142y si\u0119 dzia\u0142ania maj\u0105ce na celu konserwacj\u0119 zbior\u00f3w i udost\u0119pnienie jej publiczno\u015bci, do czego przyczyni\u0142 si\u0119 W\u0142odzimierz Antoniewicz. W 1932 r., w salach na ostatnim pi\u0119trze Pa\u0142acu Staszica oficjalnie otwarto dla zwiedzaj\u0105cych Muzeum Przedhistoryczne im. Erazma Majewskiego. W 1939 r. na skutek dzia\u0142a\u0144 wojennych zbi\u00f3r zosta\u0142 uszkodzony. Maj\u0105c na celu ochron\u0119 zachowanych okaz\u00f3w, dwa lata p\u00f3\u017aniej kolekcja zosta\u0142a przeniesiona do gmachu Muzeum Narodowego i po\u0142\u0105czona ze zbiorami Pa\u0144stwowego Muzeum Archeologicznego [PMA], co w istocie by\u0142o niezgodne z wol\u0105 Majewskiego. W 1948 r. zbiory Muzeum Przedhistorycznego im. Erazma Majewskiego zosta\u0142y w\u0142\u0105czone do zasob\u00f3w PMA.<\/p>\n<p>Na temat muzeum zob. m.in.<\/p>\n<p>Antoniewicz W\u0142odzimierz, 1922, \u201ePa\u0144stwowe Centralne Muzeum Archeologiczne w Warszawie\u201d, <em>\u015awiatowit. Rocznik po\u015bwi\u0119cony archeologii pradziejowej i badaniom pierwotnej kultury polskiej i s\u0142owia\u0144skiej<\/em>, r. 7, nr 8-9, s. 275-279<br \/>\nAntoniewicz W\u0142odzimierz, 1925, \u201eBadania Archeologiczne w Polsce w zakresie regionalnym\u201d, <em>Ziemia<\/em>. <em>Tygodnik Krajoznawczy Ilustrowany<\/em>,\u00a0 r. 10, nr 2, s. 20-25<br \/>\nAntoniewicz W\u0142odzimierz, 1928, \u201eSprawozdanie z dzia\u0142alno\u015bci Muzeum Archeologicznego\u00a0 im. Erazma Majewskiego T.N.W. w Warszawie\u201d, <em>\u015awiatowit<\/em>. <em>Rocznik po\u015bwi\u0119cony archeologii pradziejowej i badaniom pierwotnej kultury polskiej i s\u0142owia\u0144skiej<\/em>, t. 12, s. 157-158<br \/>\nAntoniewicz W\u0142odzimierz, 1929, \u201ePowstanie i losy Muzeum Archeologicznego Erazma Majewskiego\u201d, <em>\u015awiatowit, Rocznik po\u015bwi\u0119cony archeologii pradziejowej i badaniom pierwotnej kultury polskiej i s\u0142owia\u0144skiej, <\/em>t. 13, s. 1-19<br \/>\nAntoniewicz W\u0142odzimierz, 1932, \u201eMuzeum Archeologiczne im. Erazma Majewskiego T.N.W. w Pa\u0142acu Staszica\u201d, <em>\u015awiatowit<\/em>. <em>Rocznik po\u015bwi\u0119cony archeologii pradziejowej i badaniom pierwotnej kultury polskiej i s\u0142owia\u0144skiej<\/em>,\u00a0 t. 15, s. 9-22<br \/>\nKos. W., 1908, \u201e18 000 okaz\u00f3w naszego muzeum przedhistorycznego\u201d, \u015awiat pismo tygodniowe ilustrowane, r.3, nr 40 s. 19-20<br \/>\nKoz\u0142owski Stefan K., 2012, <em>Tak wiele tak nieliczni. M\u0142oda archeologia polska 1905-1928<\/em>, Warszawa-\u0141\u00f3d\u017a;<br \/>\nKoz\u0142owski Stefan K., Lech Jacek, 1996, (red), <em>Erazm Majewski i warszawska szko\u0142a przedhistoryczna na pocz\u0105tku XX wieku<\/em>, Warszawa PAN<br \/>\nKrajewska Maria, 2006, \u201eErazm Majewski &#8211; autor pierwszych polskich powie\u015bci fantastycznonaukowych\u201d, <em>Z Otch\u0142ani Wiek\u00f3w<\/em>, 61\/3-4, s. 143-154;<br \/>\nKrajewska Maria, 2008, \u201eMuzeum Erazma Majewskiego\u201d, <em>Spotkania z Zabytkami<\/em>, nr 9, s. 34-35.<br \/>\nKrajewska Maria, 2008, \u201eSpu\u015bcizna Erazma Majewskiego w Pracowni Dokumentacji Naukowej Pa\u0144stwowego Muzeum Archeologicznego w Warszawie. W 150 rocznic\u0119 urodzin Erazma Majewskiego (1858-1922)\u201d, <em>Wiadomo\u015bci Archeologiczne<\/em>, t. 15, s. 1-87;<br \/>\nKrajewska Maria, 2009, \u201eDzieje Pa\u0144stwowego Muzeum Archeologicznego w Warszawie. Kalendarium\u201d, w: <em>Pa\u0144stwowe Muzeum Archeologiczne. Informator<\/em>, Warszawa, s. 5-63;<br \/>\nKrajewska Maria, 2010, \u201eErazm Majewski (1858-1922)\u201d, <em>Mazowsze Studia Regionalne<\/em>, nr 5, s. 219-228<br \/>\nKrajewska Maria, 2011, \u201eErazm Majewski i archeologia w Towarzystwie Opieki nad Zabytkami Przesz\u0142o\u015bci\u201d, <em>\u015awiatowit. Fasc. B, Archeologia Pradziejowa i \u015aredniowieczna, Archeologia Polski<\/em>, t. 8 (49)\/B, s. 13-25<br \/>\nKrajewska Maria,\u00a0 2011, \u201eArcheologiczne Muzeum Erazma Majewskiego\u201d, <em>\u015awiatowit. Fasc. B, Archeologia Pradziejowa i \u015aredniowieczna, Archeologia Polski<\/em>, 9 (50) B, 19-49<br \/>\nLencewicz Stanis\u0142aw, 1913, \u201eZbiory polskie. Muzeum Przedhistoryczne Erazma Majewskiego w Warszawie\u201d, <em>Ziemia. Tygodnik Krajoznawczy Ilustrowany<\/em>, r.4, nr 26, s. 422-424 (sprostowanie w nr 37)<br \/>\nMajewski Erazm 1897, \u201eO muzeum archeologiczne\u201d, <em>Kurjer Warszawski<\/em>, nr 280, s. 1-2<br \/>\nMajewski Erazm 1899, \u201eBiblioteka badacza staro\u017cytno\u015bci przeddziejowych\u201d, <em>\u015awiatowit. Rocznik po\u015bwi\u0119cony archeologii pradziejowej i badaniom pierwotnej kultury polskiej i s\u0142owia\u0144skiej<\/em>, nr 1, 112-117<br \/>\nMajewski Erazm 1911, \u201eKatalog tre\u015bciwy zbioru przedhistorycznego u\u0142o\u017cony porz\u0105dkiem miejscowo\u015bci\u201d, <em>\u015awiatowit. Rocznik po\u015bwi\u0119cony archeologii pradziejowej i badaniom pierwotnej kultury polskiej i s\u0142owia\u0144skiej<\/em>, 9, 128-156<br \/>\nMajewski Erazm 1912, \u201eDwudziestolecie Muzeum Staro\u017cytno\u015bci przedhistorycznych\u201d, <em>\u015awiatowit. Rocznik po\u015bwi\u0119cony archeologii pradziejowej i badaniom pierwotnej kultury polskiej i s\u0142owia\u0144skiej<\/em>, t. 10, s. 89-96<br \/>\nMajewski Erazm 1912, \u201eSprawozdanie z dzia\u0142alno\u015bci naszego Muzeum (skarbca) przedhistorycznego za rok 1912\u201d, <em>\u015awiatowit. Rocznik po\u015bwi\u0119cony archeologii pradziejowej i badaniom pierwotnej kultury polskiej i s\u0142owia\u0144skiej<\/em>, t. 10, s. 97-101<br \/>\nMajewski Erazm 1913, \u201eSprawozdanie z dzia\u0142alno\u015bci naszego Muzeum przedhistorycznego za rok 1913\u201d, <em>\u015awiatowit. Rocznik po\u015bwi\u0119cony archeologii pradziejowej i badaniom pierwotnej kultury polskiej i s\u0142owia\u0144skiej<\/em>, 1913, t. 11, s. 84-90<br \/>\nModrzewska Halina, 1983, \u201eErazm Majewski badacz staro\u017cytno\u015bci i tw\u00f3rca muzeum archeologicznego w Warszawie w \u015bwietle swojego Notatnika\u201d, <em>Wiadomo\u015bci Archeologiczne<\/em>, t. 48 nr 2, s. 163-189<br \/>\nPrzylicki Krzysztof, 2015, \u201eIdea \u2018muzeum przedhistorycznego\u2019 prof. Erazma Majewskiego w Katolickim Uniwersytecie Lubelskim w latach 20. XX wieku\u201d, <em>Roczniki humanistyczne, <\/em>t. 63, z. 4, s. 171-177<br \/>\nPu\u0142aski Franciszek, 1908, \u201eMuzeum Przedhistoryczne\u201d, <em>G\u0142os Warszawski<\/em>, nr 227, s. 1<br \/>\nRosen-Przeworska, Janina, 1933, \u201eMuzeum Archeologiczne im. Erazma Majewskiego Towarzystwa Naukowego Warszawskiego\u201d, <em>Ziemia. Tygodnik Krajoznawczy Ilustrowany<\/em>, nr 4, s. 65-68<br \/>\nZalewski Marek, 2010. O kolekcjach tworz\u0105cych zbiory Pa\u0144stwowego Muzeum Archeologicznego w Warszawie, Mazowsze Studia Regionalne, nr 5, s. 107-118<\/p>\n[caption id=\"attachment_1003\" align=\"aligncenter\" width=\"447\"]<img class=\" wp-image-1003\" src=\"http:\/\/muzeumpamieci.umk.pl\/wp-content\/uploads\/2017\/10\/msr_5_krajewska_varia-54-300x228.jpg\" alt=\"MAZOWSZE Studia Regionalne nr 5\" width=\"447\" height=\"340\" \/> MAZOWSZE Studia Regionalne nr 5[\/caption]\n<p>Na ilustracji: Fragment ekspozycji zbior\u00f3w archeologicznych Erazma Majewskiego w gmachu Towarzystwa Zach\u0119ty Sztuk Pi\u0119knych w Warszawie, na fot. Erazm Majewski oraz L. Majewska [?], fot. ok. 1908, zbiory PMA<\/p>\n<p>\u0179r\u00f3d\u0142o: repr. z artyku\u0142u: Krajewska Maria, 2010. \u201eErazm Majewski (1858-1922)\u201d, Mazowsze Studia Regionalne, nr 5, s. 219-228, <a href=\"http:\/\/bazhum.pl\/bib\/volume\/3847\/\">http:\/\/bazhum.pl\/bib\/volume\/3847\/<\/a><\/p>\n<p style=\"text-align: right\">[ato]<\/p>\n<hr \/>\n<p>http:\/\/muzeumpamieci.umk.pl\/instytucje-muzealne\/<\/p>\n<hr \/>\n<p>&nbsp;<\/p>\n","comment_info":"0","_links":{"self":[{"href":"https:\/\/muzeumpamieci.umk.pl\/index.php?rest_route=\/wp\/v2\/posts\/1001","targetHints":{"allow":["GET"]}}],"collection":[{"href":"https:\/\/muzeumpamieci.umk.pl\/index.php?rest_route=\/wp\/v2\/posts"}],"about":[{"href":"https:\/\/muzeumpamieci.umk.pl\/index.php?rest_route=\/wp\/v2\/types\/post"}],"author":[{"embeddable":true,"href":"https:\/\/muzeumpamieci.umk.pl\/index.php?rest_route=\/wp\/v2\/users\/3"}],"replies":[{"embeddable":true,"href":"https:\/\/muzeumpamieci.umk.pl\/index.php?rest_route=%2Fwp%2Fv2%2Fcomments&post=1001"}],"version-history":[{"count":6,"href":"https:\/\/muzeumpamieci.umk.pl\/index.php?rest_route=\/wp\/v2\/posts\/1001\/revisions"}],"predecessor-version":[{"id":2049,"href":"https:\/\/muzeumpamieci.umk.pl\/index.php?rest_route=\/wp\/v2\/posts\/1001\/revisions\/2049"}],"wp:featuredmedia":[{"embeddable":true,"href":"https:\/\/muzeumpamieci.umk.pl\/index.php?rest_route=\/wp\/v2\/media\/1003"}],"wp:attachment":[{"href":"https:\/\/muzeumpamieci.umk.pl\/index.php?rest_route=%2Fwp%2Fv2%2Fmedia&parent=1001"}],"wp:term":[{"taxonomy":"category","embeddable":true,"href":"https:\/\/muzeumpamieci.umk.pl\/index.php?rest_route=%2Fwp%2Fv2%2Fcategories&post=1001"},{"taxonomy":"post_tag","embeddable":true,"href":"https:\/\/muzeumpamieci.umk.pl\/index.php?rest_route=%2Fwp%2Fv2%2Ftags&post=1001"}],"curies":[{"name":"wp","href":"https:\/\/api.w.org\/{rel}","templated":true}]}}